{"id":11471,"date":"2026-01-20T09:06:37","date_gmt":"2026-01-20T14:06:37","guid":{"rendered":"https:\/\/www.efigas.com.co\/?p=11471"},"modified":"2026-01-20T09:06:40","modified_gmt":"2026-01-20T14:06:40","slug":"se-presenta-interrupcion-temporal-del-servicio-de-gas-natural-en-la-virginia-por-un-dano-generado-en-la-tuberia","status":"publish","type":"post","link":"https:\/\/www.efigas.com.co\/2026\/01\/20\/se-presenta-interrupcion-temporal-del-servicio-de-gas-natural-en-la-virginia-por-un-dano-generado-en-la-tuberia\/","title":{"rendered":"Se presenta interrupci\u00f3n temporal del servicio de gas natural en La Virginia por un da\u00f1o generado en la tuber\u00eda"},"content":{"rendered":"\n<p><strong>Efigas Gas Natural S.A. E.S.P.<\/strong> informa que, debido a un da\u00f1o presentado en el sistema de distribuci\u00f3n de gas natural ocasionado por un tercero, fue necesario interrumpir temporalmente el suministro del servicio en el municipio de La Virginia, Risaralda. <\/p>\n\n\n\n<p>De acuerdo con el equipo t\u00e9cnico de Efigas, la afectaci\u00f3n fue ocasionada por obras ajenas a la empresa que generaron una aver\u00eda en la tuber\u00eda de la zona. Nuestros especialistas ya se encuentran en el lugar adelantando las labores de reparaci\u00f3n. Una vez restablecido el servicio se informar\u00e1 oportunamente. <\/p>\n\n\n\n<p>Mientras avanzan los trabajos se recomienda a la comunidad mantener cerradas las llaves de paso principales y ante una emergencia contactarse a la l\u00ednea 164. <br>\u2022 La informaci\u00f3n oficial ser\u00e1 publicada a trav\u00e9s de las redes sociales de la Empresa y de la Oficina de Prensa de la Alcald\u00eda Municipal. <\/p>\n\n\n\n<p><strong>Todas nuestras acciones son por la seguridad y el bienestar de la comunidad.<\/strong><\/p>\n\n\n\n<p>Para m\u00e1s informaci\u00f3n consulta los canales oficiales:<\/p>\n\n\n\n<ul class=\"efi-block-list efi-block-list\">\n<li>www.efigas.com.co<\/li>\n\n\n\n<li>@efigasoficial<\/li>\n<\/ul>\n\n\n\n<p>Oficina de Comunicaciones<br><a href=\"mailto:comunicacionescoporativas@efigas.com.co\">comunicacionescoporativas@efigas.com.co<\/a><\/p>\n\n\n\n<p><\/p>\n","protected":false},"excerpt":{"rendered":"<p>Efigas Gas Natural S.A. E.S.P. informa que, debido a un da\u00f1o presentado en el sistema de distribuci\u00f3n de gas natural ocasionado por un tercero, fue necesario interrumpir temporalmente el suministro del servicio en el municipio de La Virginia, Risaralda. De acuerdo con el equipo t\u00e9cnico de Efigas, la afectaci\u00f3n fue ocasionada por obras ajenas a [&hellip;]<\/p>\n","protected":false},"author":1,"featured_media":11472,"comment_status":"closed","ping_status":"closed","sticky":false,"template":"","format":"standard","meta":{"inline_featured_image":false,"footnotes":""},"categories":[82,67,70],"tags":[31,23,124],"class_list":["post-11471","post","type-post","status-publish","format-standard","has-post-thumbnail","hentry","category-destacados","category-noticias-efigas","category-suspensiones-programadas","tag-efigas","tag-gas-natural","tag-suspensiones-del-servicio-de-gas-natural"],"yoast_head":"\n<title>Se presenta interrupci\u00f3n temporal del servicio de gas natural en La Virginia por un da\u00f1o generado en la tuber\u00eda - Efigas S.A. E.S.P.<\/title>\n<meta name=\"robots\" content=\"index, follow, max-snippet:-1, max-image-preview:large, max-video-preview:-1\" \/>\n<link rel=\"canonical\" href=\"https:\/\/www.efigas.com.co\/2026\/01\/20\/se-presenta-interrupcion-temporal-del-servicio-de-gas-natural-en-la-virginia-por-un-dano-generado-en-la-tuberia\/\" \/>\n<meta property=\"og:locale\" content=\"es_ES\" \/>\n<meta property=\"og:type\" content=\"article\" \/>\n<meta property=\"og:title\" content=\"Se presenta interrupci\u00f3n temporal del servicio de gas natural en La Virginia por un da\u00f1o generado en la tuber\u00eda - Efigas S.A. E.S.P.\" \/>\n<meta property=\"og:description\" content=\"Efigas Gas Natural S.A. E.S.P. informa que, debido a un da\u00f1o presentado en el sistema de distribuci\u00f3n de gas natural ocasionado por un tercero, fue necesario interrumpir temporalmente el suministro del servicio en el municipio de La Virginia, Risaralda. De acuerdo con el equipo t\u00e9cnico de Efigas, la afectaci\u00f3n fue ocasionada por obras ajenas a [&hellip;]\" \/>\n<meta property=\"og:url\" content=\"https:\/\/www.efigas.com.co\/2026\/01\/20\/se-presenta-interrupcion-temporal-del-servicio-de-gas-natural-en-la-virginia-por-un-dano-generado-en-la-tuberia\/\" \/>\n<meta property=\"og:site_name\" content=\"Efigas S.A. E.S.P.\" \/>\n<meta property=\"article:publisher\" content=\"https:\/\/www.facebook.com\/efigasoficial\/\" \/>\n<meta property=\"article:published_time\" content=\"2026-01-20T14:06:37+00:00\" \/>\n<meta property=\"article:modified_time\" content=\"2026-01-20T14:06:40+00:00\" \/>\n<meta property=\"og:image\" content=\"https:\/\/www.efigas.com.co\/ef_resources\/2026\/01\/DSC02133.jpg\" \/>\n\t<meta property=\"og:image:width\" content=\"1620\" \/>\n\t<meta property=\"og:image:height\" content=\"1080\" \/>\n\t<meta property=\"og:image:type\" content=\"image\/jpeg\" \/>\n<meta name=\"author\" content=\"Efigas Ah\u00ed siempre\" \/>\n<meta name=\"twitter:card\" content=\"summary_large_image\" \/>\n<meta name=\"twitter:creator\" content=\"@efigas_oficial\" \/>\n<meta name=\"twitter:site\" content=\"@efigas_oficial\" \/>\n<script type=\"application\/ld+json\" class=\"efiseo-schema-graph\">{\"@context\":\"https:\/\/schema.org\",\"@graph\":[{\"@type\":\"Article\",\"@id\":\"https:\/\/www.efigas.com.co\/2026\/01\/20\/se-presenta-interrupcion-temporal-del-servicio-de-gas-natural-en-la-virginia-por-un-dano-generado-en-la-tuberia\/#article\",\"isPartOf\":{\"@id\":\"https:\/\/www.efigas.com.co\/2026\/01\/20\/se-presenta-interrupcion-temporal-del-servicio-de-gas-natural-en-la-virginia-por-un-dano-generado-en-la-tuberia\/\"},\"author\":{\"name\":\"Efigas Ah\u00ed siempre\",\"@id\":\"https:\/\/www.efigas.com.co\/#\/schema\/person\/666f72c982685e945f63f69fe4ad5836\"},\"headline\":\"Se presenta interrupci\u00f3n temporal del servicio de gas natural en La Virginia por un da\u00f1o generado en la tuber\u00eda\",\"datePublished\":\"2026-01-20T14:06:37+00:00\",\"dateModified\":\"2026-01-20T14:06:40+00:00\",\"mainEntityOfPage\":{\"@id\":\"https:\/\/www.efigas.com.co\/2026\/01\/20\/se-presenta-interrupcion-temporal-del-servicio-de-gas-natural-en-la-virginia-por-un-dano-generado-en-la-tuberia\/\"},\"wordCount\":206,\"publisher\":{\"@id\":\"https:\/\/www.efigas.com.co\/#organization\"},\"image\":{\"@id\":\"https:\/\/www.efigas.com.co\/2026\/01\/20\/se-presenta-interrupcion-temporal-del-servicio-de-gas-natural-en-la-virginia-por-un-dano-generado-en-la-tuberia\/#primaryimage\"},\"thumbnailUrl\":\"https:\/\/www.efigas.com.co\/ef_resources\/2026\/01\/DSC02133.jpg\",\"keywords\":[\"Efigas\",\"gas natural\",\"suspensiones del servicio de gas natural\"],\"articleSection\":[\"Destacados\",\"Noticias Efigas\",\"Suspensiones programadas\"],\"inLanguage\":\"es\"},{\"@type\":\"WebPage\",\"@id\":\"https:\/\/www.efigas.com.co\/2026\/01\/20\/se-presenta-interrupcion-temporal-del-servicio-de-gas-natural-en-la-virginia-por-un-dano-generado-en-la-tuberia\/\",\"url\":\"https:\/\/www.efigas.com.co\/2026\/01\/20\/se-presenta-interrupcion-temporal-del-servicio-de-gas-natural-en-la-virginia-por-un-dano-generado-en-la-tuberia\/\",\"name\":\"Se presenta interrupci\u00f3n temporal del servicio de gas natural en La Virginia por un da\u00f1o generado en la tuber\u00eda - Efigas S.A. E.S.P.\",\"isPartOf\":{\"@id\":\"https:\/\/www.efigas.com.co\/#website\"},\"primaryImageOfPage\":{\"@id\":\"https:\/\/www.efigas.com.co\/2026\/01\/20\/se-presenta-interrupcion-temporal-del-servicio-de-gas-natural-en-la-virginia-por-un-dano-generado-en-la-tuberia\/#primaryimage\"},\"image\":{\"@id\":\"https:\/\/www.efigas.com.co\/2026\/01\/20\/se-presenta-interrupcion-temporal-del-servicio-de-gas-natural-en-la-virginia-por-un-dano-generado-en-la-tuberia\/#primaryimage\"},\"thumbnailUrl\":\"https:\/\/www.efigas.com.co\/ef_resources\/2026\/01\/DSC02133.jpg\",\"datePublished\":\"2026-01-20T14:06:37+00:00\",\"dateModified\":\"2026-01-20T14:06:40+00:00\",\"breadcrumb\":{\"@id\":\"https:\/\/www.efigas.com.co\/2026\/01\/20\/se-presenta-interrupcion-temporal-del-servicio-de-gas-natural-en-la-virginia-por-un-dano-generado-en-la-tuberia\/#breadcrumb\"},\"inLanguage\":\"es\",\"potentialAction\":[{\"@type\":\"ReadAction\",\"target\":[\"https:\/\/www.efigas.com.co\/2026\/01\/20\/se-presenta-interrupcion-temporal-del-servicio-de-gas-natural-en-la-virginia-por-un-dano-generado-en-la-tuberia\/\"]}]},{\"@type\":\"ImageObject\",\"inLanguage\":\"es\",\"@id\":\"https:\/\/www.efigas.com.co\/2026\/01\/20\/se-presenta-interrupcion-temporal-del-servicio-de-gas-natural-en-la-virginia-por-un-dano-generado-en-la-tuberia\/#primaryimage\",\"url\":\"https:\/\/www.efigas.com.co\/ef_resources\/2026\/01\/DSC02133.jpg\",\"contentUrl\":\"https:\/\/www.efigas.com.co\/ef_resources\/2026\/01\/DSC02133.jpg\",\"width\":1620,\"height\":1080},{\"@type\":\"BreadcrumbList\",\"@id\":\"https:\/\/www.efigas.com.co\/2026\/01\/20\/se-presenta-interrupcion-temporal-del-servicio-de-gas-natural-en-la-virginia-por-un-dano-generado-en-la-tuberia\/#breadcrumb\",\"itemListElement\":[{\"@type\":\"ListItem\",\"position\":1,\"name\":\"Inicio\",\"item\":\"https:\/\/www.efigas.com.co\/\"},{\"@type\":\"ListItem\",\"position\":2,\"name\":\"Noticias Efigas\",\"item\":\"https:\/\/www.efigas.com.co\/seccion\/noticias-efigas\/\"},{\"@type\":\"ListItem\",\"position\":3,\"name\":\"Destacados\",\"item\":\"https:\/\/www.efigas.com.co\/seccion\/noticias-efigas\/destacados\/\"},{\"@type\":\"ListItem\",\"position\":4,\"name\":\"Se presenta interrupci\u00f3n temporal del servicio de gas natural en La Virginia por un da\u00f1o generado en la tuber\u00eda\"}]},{\"@type\":\"WebSite\",\"@id\":\"https:\/\/www.efigas.com.co\/#website\",\"url\":\"https:\/\/www.efigas.com.co\/\",\"name\":\"Efigas S.A. E.S.P.\",\"description\":\"Distribuidora de gas natural en el eje cafetero, Caldas, Quind\u00edo, Risaralda, servicio de   instalaci\u00f3n y reparaci\u00f3n de estufas de gas, cambio de   medidores de gas   natural, construcci\u00f3n de redes de gas natural, servicio de instalaci\u00f3n y reparaci\u00f3n de   calentadores de gas, servicio de Revisi\u00f3n T\u00e9cnica Reglamentaria.\",\"publisher\":{\"@id\":\"https:\/\/www.efigas.com.co\/#organization\"},\"alternateName\":\"Efigas\",\"potentialAction\":[{\"@type\":\"SearchAction\",\"target\":{\"@type\":\"EntryPoint\",\"urlTemplate\":\"https:\/\/www.efigas.com.co\/?s={search_term_string}\"},\"query-input\":{\"@type\":\"PropertyValueSpecification\",\"valueRequired\":true,\"valueName\":\"search_term_string\"}}],\"inLanguage\":\"es\"},{\"@type\":\"Organization\",\"@id\":\"https:\/\/www.efigas.com.co\/#organization\",\"name\":\"Efigas S.A. E.S.P.\",\"alternateName\":\"Efigas\",\"url\":\"https:\/\/www.efigas.com.co\/\",\"logo\":{\"@type\":\"ImageObject\",\"inLanguage\":\"es\",\"@id\":\"https:\/\/www.efigas.com.co\/#\/schema\/logo\/image\/\",\"url\":\"https:\/\/www.efigas.com.co\/ef_resources\/2023\/12\/logo-efigas-negativo.svg\",\"contentUrl\":\"https:\/\/www.efigas.com.co\/ef_resources\/2023\/12\/logo-efigas-negativo.svg\",\"width\":225,\"height\":123,\"caption\":\"Efigas S.A. E.S.P.\"},\"image\":{\"@id\":\"https:\/\/www.efigas.com.co\/#\/schema\/logo\/image\/\"},\"sameAs\":[\"https:\/\/www.facebook.com\/efigasoficial\/\",\"https:\/\/x.com\/efigas_oficial\",\"https:\/\/www.linkedin.com\/company\/efigas\/\"]},{\"@type\":\"Person\",\"@id\":\"https:\/\/www.efigas.com.co\/#\/schema\/person\/666f72c982685e945f63f69fe4ad5836\",\"name\":\"Efigas Ah\u00ed siempre\",\"image\":{\"@type\":\"ImageObject\",\"inLanguage\":\"es\",\"@id\":\"https:\/\/www.efigas.com.co\/#\/schema\/person\/image\/\",\"url\":\"https:\/\/secure.gravatar.com\/avatar\/e95aeff8d6446834b0e7f8a66e260799?s=96&d=mm&r=g\",\"contentUrl\":\"https:\/\/secure.gravatar.com\/avatar\/e95aeff8d6446834b0e7f8a66e260799?s=96&d=mm&r=g\",\"caption\":\"Efigas Ah\u00ed siempre\"},\"url\":\"https:\/\/www.efigas.com.co\/editor\/eficontent\/\"}]}<\/script>\n","yoast_head_json":{"title":"Se presenta interrupci\u00f3n temporal del servicio de gas natural en La Virginia por un da\u00f1o generado en la tuber\u00eda - Efigas S.A. E.S.P.","robots":{"index":"index","follow":"follow","max-snippet":"max-snippet:-1","max-image-preview":"max-image-preview:large","max-video-preview":"max-video-preview:-1"},"canonical":"https:\/\/www.efigas.com.co\/2026\/01\/20\/se-presenta-interrupcion-temporal-del-servicio-de-gas-natural-en-la-virginia-por-un-dano-generado-en-la-tuberia\/","og_locale":"es_ES","og_type":"article","og_title":"Se presenta interrupci\u00f3n temporal del servicio de gas natural en La Virginia por un da\u00f1o generado en la tuber\u00eda - Efigas S.A. E.S.P.","og_description":"Efigas Gas Natural S.A. E.S.P. informa que, debido a un da\u00f1o presentado en el sistema de distribuci\u00f3n de gas natural ocasionado por un tercero, fue necesario interrumpir temporalmente el suministro del servicio en el municipio de La Virginia, Risaralda. De acuerdo con el equipo t\u00e9cnico de Efigas, la afectaci\u00f3n fue ocasionada por obras ajenas a [&hellip;]","og_url":"https:\/\/www.efigas.com.co\/2026\/01\/20\/se-presenta-interrupcion-temporal-del-servicio-de-gas-natural-en-la-virginia-por-un-dano-generado-en-la-tuberia\/","og_site_name":"Efigas S.A. E.S.P.","article_publisher":"https:\/\/www.facebook.com\/efigasoficial\/","article_published_time":"2026-01-20T14:06:37+00:00","article_modified_time":"2026-01-20T14:06:40+00:00","og_image":[{"width":1620,"height":1080,"url":"https:\/\/www.efigas.com.co\/ef_resources\/2026\/01\/DSC02133.jpg","type":"image\/jpeg"}],"author":"Efigas Ah\u00ed siempre","twitter_card":"summary_large_image","twitter_creator":"@efigas_oficial","twitter_site":"@efigas_oficial","schema":{"@context":"https:\/\/schema.org","@graph":[{"@type":"Article","@id":"https:\/\/www.efigas.com.co\/2026\/01\/20\/se-presenta-interrupcion-temporal-del-servicio-de-gas-natural-en-la-virginia-por-un-dano-generado-en-la-tuberia\/#article","isPartOf":{"@id":"https:\/\/www.efigas.com.co\/2026\/01\/20\/se-presenta-interrupcion-temporal-del-servicio-de-gas-natural-en-la-virginia-por-un-dano-generado-en-la-tuberia\/"},"author":{"name":"Efigas Ah\u00ed siempre","@id":"https:\/\/www.efigas.com.co\/#\/schema\/person\/666f72c982685e945f63f69fe4ad5836"},"headline":"Se presenta interrupci\u00f3n temporal del servicio de gas natural en La Virginia por un da\u00f1o generado en la tuber\u00eda","datePublished":"2026-01-20T14:06:37+00:00","dateModified":"2026-01-20T14:06:40+00:00","mainEntityOfPage":{"@id":"https:\/\/www.efigas.com.co\/2026\/01\/20\/se-presenta-interrupcion-temporal-del-servicio-de-gas-natural-en-la-virginia-por-un-dano-generado-en-la-tuberia\/"},"wordCount":206,"publisher":{"@id":"https:\/\/www.efigas.com.co\/#organization"},"image":{"@id":"https:\/\/www.efigas.com.co\/2026\/01\/20\/se-presenta-interrupcion-temporal-del-servicio-de-gas-natural-en-la-virginia-por-un-dano-generado-en-la-tuberia\/#primaryimage"},"thumbnailUrl":"https:\/\/www.efigas.com.co\/ef_resources\/2026\/01\/DSC02133.jpg","keywords":["Efigas","gas natural","suspensiones del servicio de gas natural"],"articleSection":["Destacados","Noticias Efigas","Suspensiones programadas"],"inLanguage":"es"},{"@type":"WebPage","@id":"https:\/\/www.efigas.com.co\/2026\/01\/20\/se-presenta-interrupcion-temporal-del-servicio-de-gas-natural-en-la-virginia-por-un-dano-generado-en-la-tuberia\/","url":"https:\/\/www.efigas.com.co\/2026\/01\/20\/se-presenta-interrupcion-temporal-del-servicio-de-gas-natural-en-la-virginia-por-un-dano-generado-en-la-tuberia\/","name":"Se presenta interrupci\u00f3n temporal del servicio de gas natural en La Virginia por un da\u00f1o generado en la tuber\u00eda - Efigas S.A. E.S.P.","isPartOf":{"@id":"https:\/\/www.efigas.com.co\/#website"},"primaryImageOfPage":{"@id":"https:\/\/www.efigas.com.co\/2026\/01\/20\/se-presenta-interrupcion-temporal-del-servicio-de-gas-natural-en-la-virginia-por-un-dano-generado-en-la-tuberia\/#primaryimage"},"image":{"@id":"https:\/\/www.efigas.com.co\/2026\/01\/20\/se-presenta-interrupcion-temporal-del-servicio-de-gas-natural-en-la-virginia-por-un-dano-generado-en-la-tuberia\/#primaryimage"},"thumbnailUrl":"https:\/\/www.efigas.com.co\/ef_resources\/2026\/01\/DSC02133.jpg","datePublished":"2026-01-20T14:06:37+00:00","dateModified":"2026-01-20T14:06:40+00:00","breadcrumb":{"@id":"https:\/\/www.efigas.com.co\/2026\/01\/20\/se-presenta-interrupcion-temporal-del-servicio-de-gas-natural-en-la-virginia-por-un-dano-generado-en-la-tuberia\/#breadcrumb"},"inLanguage":"es","potentialAction":[{"@type":"ReadAction","target":["https:\/\/www.efigas.com.co\/2026\/01\/20\/se-presenta-interrupcion-temporal-del-servicio-de-gas-natural-en-la-virginia-por-un-dano-generado-en-la-tuberia\/"]}]},{"@type":"ImageObject","inLanguage":"es","@id":"https:\/\/www.efigas.com.co\/2026\/01\/20\/se-presenta-interrupcion-temporal-del-servicio-de-gas-natural-en-la-virginia-por-un-dano-generado-en-la-tuberia\/#primaryimage","url":"https:\/\/www.efigas.com.co\/ef_resources\/2026\/01\/DSC02133.jpg","contentUrl":"https:\/\/www.efigas.com.co\/ef_resources\/2026\/01\/DSC02133.jpg","width":1620,"height":1080},{"@type":"BreadcrumbList","@id":"https:\/\/www.efigas.com.co\/2026\/01\/20\/se-presenta-interrupcion-temporal-del-servicio-de-gas-natural-en-la-virginia-por-un-dano-generado-en-la-tuberia\/#breadcrumb","itemListElement":[{"@type":"ListItem","position":1,"name":"Inicio","item":"https:\/\/www.efigas.com.co\/"},{"@type":"ListItem","position":2,"name":"Noticias Efigas","item":"https:\/\/www.efigas.com.co\/seccion\/noticias-efigas\/"},{"@type":"ListItem","position":3,"name":"Destacados","item":"https:\/\/www.efigas.com.co\/seccion\/noticias-efigas\/destacados\/"},{"@type":"ListItem","position":4,"name":"Se presenta interrupci\u00f3n temporal del servicio de gas natural en La Virginia por un da\u00f1o generado en la tuber\u00eda"}]},{"@type":"WebSite","@id":"https:\/\/www.efigas.com.co\/#website","url":"https:\/\/www.efigas.com.co\/","name":"Efigas S.A. E.S.P.","description":"Distribuidora de gas natural en el eje cafetero, Caldas, Quind\u00edo, Risaralda, servicio de   instalaci\u00f3n y reparaci\u00f3n de estufas de gas, cambio de   medidores de gas   natural, construcci\u00f3n de redes de gas natural, servicio de instalaci\u00f3n y reparaci\u00f3n de   calentadores de gas, servicio de Revisi\u00f3n T\u00e9cnica Reglamentaria.","publisher":{"@id":"https:\/\/www.efigas.com.co\/#organization"},"alternateName":"Efigas","potentialAction":[{"@type":"SearchAction","target":{"@type":"EntryPoint","urlTemplate":"https:\/\/www.efigas.com.co\/?s={search_term_string}"},"query-input":{"@type":"PropertyValueSpecification","valueRequired":true,"valueName":"search_term_string"}}],"inLanguage":"es"},{"@type":"Organization","@id":"https:\/\/www.efigas.com.co\/#organization","name":"Efigas S.A. E.S.P.","alternateName":"Efigas","url":"https:\/\/www.efigas.com.co\/","logo":{"@type":"ImageObject","inLanguage":"es","@id":"https:\/\/www.efigas.com.co\/#\/schema\/logo\/image\/","url":"https:\/\/www.efigas.com.co\/ef_resources\/2023\/12\/logo-efigas-negativo.svg","contentUrl":"https:\/\/www.efigas.com.co\/ef_resources\/2023\/12\/logo-efigas-negativo.svg","width":225,"height":123,"caption":"Efigas S.A. E.S.P."},"image":{"@id":"https:\/\/www.efigas.com.co\/#\/schema\/logo\/image\/"},"sameAs":["https:\/\/www.facebook.com\/efigasoficial\/","https:\/\/x.com\/efigas_oficial","https:\/\/www.linkedin.com\/company\/efigas\/"]},{"@type":"Person","@id":"https:\/\/www.efigas.com.co\/#\/schema\/person\/666f72c982685e945f63f69fe4ad5836","name":"Efigas Ah\u00ed siempre","image":{"@type":"ImageObject","inLanguage":"es","@id":"https:\/\/www.efigas.com.co\/#\/schema\/person\/image\/","url":"https:\/\/secure.gravatar.com\/avatar\/e95aeff8d6446834b0e7f8a66e260799?s=96&d=mm&r=g","contentUrl":"https:\/\/secure.gravatar.com\/avatar\/e95aeff8d6446834b0e7f8a66e260799?s=96&d=mm&r=g","caption":"Efigas Ah\u00ed siempre"},"url":"https:\/\/www.efigas.com.co\/editor\/eficontent\/"}]}},"_links":{"self":[{"href":"https:\/\/www.efigas.com.co\/efi-json\/wp\/v2\/posts\/11471","targetHints":{"allow":["GET"]}}],"collection":[{"href":"https:\/\/www.efigas.com.co\/efi-json\/wp\/v2\/posts"}],"about":[{"href":"https:\/\/www.efigas.com.co\/efi-json\/wp\/v2\/types\/post"}],"author":[{"embeddable":true,"href":"https:\/\/www.efigas.com.co\/efi-json\/wp\/v2\/users\/1"}],"replies":[{"embeddable":true,"href":"https:\/\/www.efigas.com.co\/efi-json\/wp\/v2\/comments?post=11471"}],"version-history":[{"count":1,"href":"https:\/\/www.efigas.com.co\/efi-json\/wp\/v2\/posts\/11471\/revisions"}],"predecessor-version":[{"id":11473,"href":"https:\/\/www.efigas.com.co\/efi-json\/wp\/v2\/posts\/11471\/revisions\/11473"}],"wp:featuredmedia":[{"embeddable":true,"href":"https:\/\/www.efigas.com.co\/efi-json\/wp\/v2\/media\/11472"}],"wp:attachment":[{"href":"https:\/\/www.efigas.com.co\/efi-json\/wp\/v2\/media?parent=11471"}],"wp:term":[{"taxonomy":"category","embeddable":true,"href":"https:\/\/www.efigas.com.co\/efi-json\/wp\/v2\/categories?post=11471"},{"taxonomy":"post_tag","embeddable":true,"href":"https:\/\/www.efigas.com.co\/efi-json\/wp\/v2\/tags?post=11471"}],"curies":[{"name":"wp","href":"https:\/\/api.w.org\/{rel}","templated":true}]}}