{"id":5413,"date":"2024-07-19T11:47:00","date_gmt":"2024-07-19T16:47:00","guid":{"rendered":"https:\/\/www.efigas.com.co\/?p=5413"},"modified":"2024-07-19T11:51:32","modified_gmt":"2024-07-19T16:51:32","slug":"equipo-de-expertos-de-efigas-comprometidos-con-la-seguridad","status":"publish","type":"post","link":"https:\/\/www.efigas.com.co\/2024\/07\/19\/equipo-de-expertos-de-efigas-comprometidos-con-la-seguridad\/","title":{"rendered":"Novedad en Calarc\u00e1 por cierre moment\u00e1neo del City Gate"},"content":{"rendered":"\n<p><strong>Equipo de expertos de EFIGAS comprometidos con la seguridad<\/strong><\/p>\n\n\n\n<p><strong>Efigas<\/strong> informa que sobre las 11:00 a.m. del 19 de julio de 2024 se recibi\u00f3 informaci\u00f3n sobre el cierre intempestivo del City Gate, o estaci\u00f3n de regulaci\u00f3n, ubicado en el municipio de Calarc\u00e1 y de propiedad del transportador de gas internacional TGI. Esto sucede por algunas variaciones en la presi\u00f3n, por lo que se cierra de manera autom\u00e1tica.<\/p>\n\n\n\n<p>La empresa inform\u00f3 de inmediato al transportador, para que realice las actividades de apertura y con personal experto EFIGAS se mantiene atento para garantizar bienestar y seguridad a los 22 mil 140 usuarios que en este municipio disfrutan de los beneficios del gas natural.<\/p>\n\n\n\n<p>Esperamos en el transcurso de unas horas normalizar en esta poblaci\u00f3n el servicio.<br>Importante aclarar que el servicio se distribuye de manera normal y eficiente en el resto del territorio Cafetero que atiende la compa\u00f1\u00eda.<\/p>\n\n\n\n<p>Recordamos las medidas de seguridad como el cierre de las llaves de los gasodom\u00e9sticos, mantener espacios ventilados y ante una emergencia comunicarse a la l\u00ednea 164.<\/p>\n\n\n\n<p>Nuestro compromiso es con el bienestar y sostenibilidad en la regi\u00f3n. Consulta siempre la informaci\u00f3n oficial.<\/p>\n\n\n\n<p><strong>Acerca de Efigas<\/strong><\/p>\n\n\n\n<ul class=\"efi-block-list\">\n<li>Brinda el servicio de gas natural para 65 poblaciones del Eje Cafetero.<\/li>\n\n\n\n<li>Transformamos la vida de m\u00e1s de 700 mil clientes en el territorio.<\/li>\n\n\n\n<li>Somos Carbono Neutro.<\/li>\n\n\n\n<li>Sello de Sostenibilidad Icontec categor\u00eda Excelencia.<\/li>\n<\/ul>\n\n\n\n<p>Para m\u00e1s informaci\u00f3n consulta los canales oficiales www.efigas.com.co &#8211; @efigasoficial<\/p>\n\n\n\n<p><strong>Oficina de Comunicaciones Efigas Ah\u00ed Siempre<\/strong><br>comunicacionescoporativas@efigas.com.co<\/p>\n","protected":false},"excerpt":{"rendered":"<p>Equipo de expertos de EFIGAS comprometidos con la seguridad Efigas informa que sobre las 11:00 a.m. del 19 de julio de 2024 se recibi\u00f3 informaci\u00f3n sobre el cierre intempestivo del City Gate, o estaci\u00f3n de regulaci\u00f3n, ubicado en el municipio de Calarc\u00e1 y de propiedad del transportador de gas internacional TGI. Esto sucede por algunas [&hellip;]<\/p>\n","protected":false},"author":6,"featured_media":5414,"comment_status":"open","ping_status":"closed","sticky":false,"template":"","format":"standard","meta":{"inline_featured_image":false,"footnotes":""},"categories":[82,67,70],"tags":[31,93,23],"class_list":["post-5413","post","type-post","status-publish","format-standard","has-post-thumbnail","hentry","category-destacados","category-noticias-efigas","category-suspensiones-programadas","tag-efigas","tag-eje-cafetero","tag-gas-natural"],"yoast_head":"\n<title>Novedad en Calarc\u00e1 por cierre moment\u00e1neo del City Gate - Efigas S.A. E.S.P.<\/title>\n<meta name=\"robots\" content=\"index, follow, max-snippet:-1, max-image-preview:large, max-video-preview:-1\" \/>\n<link rel=\"canonical\" href=\"https:\/\/www.efigas.com.co\/2024\/07\/19\/equipo-de-expertos-de-efigas-comprometidos-con-la-seguridad\/\" \/>\n<meta property=\"og:locale\" content=\"es_ES\" \/>\n<meta property=\"og:type\" content=\"article\" \/>\n<meta property=\"og:title\" content=\"Novedad en Calarc\u00e1 por cierre moment\u00e1neo del City Gate - Efigas S.A. E.S.P.\" \/>\n<meta property=\"og:description\" content=\"Equipo de expertos de EFIGAS comprometidos con la seguridad Efigas informa que sobre las 11:00 a.m. del 19 de julio de 2024 se recibi\u00f3 informaci\u00f3n sobre el cierre intempestivo del City Gate, o estaci\u00f3n de regulaci\u00f3n, ubicado en el municipio de Calarc\u00e1 y de propiedad del transportador de gas internacional TGI. Esto sucede por algunas [&hellip;]\" \/>\n<meta property=\"og:url\" content=\"https:\/\/www.efigas.com.co\/2024\/07\/19\/equipo-de-expertos-de-efigas-comprometidos-con-la-seguridad\/\" \/>\n<meta property=\"og:site_name\" content=\"Efigas S.A. E.S.P.\" \/>\n<meta property=\"article:publisher\" content=\"https:\/\/www.facebook.com\/efigasoficial\/\" \/>\n<meta property=\"article:published_time\" content=\"2024-07-19T16:47:00+00:00\" \/>\n<meta property=\"article:modified_time\" content=\"2024-07-19T16:51:32+00:00\" \/>\n<meta property=\"og:image\" content=\"https:\/\/www.efigas.com.co\/ef_resources\/2024\/07\/IMG-20240719-WA0006.jpg\" \/>\n\t<meta property=\"og:image:width\" content=\"1600\" \/>\n\t<meta property=\"og:image:height\" content=\"1066\" \/>\n\t<meta property=\"og:image:type\" content=\"image\/jpeg\" \/>\n<meta name=\"author\" content=\"Efigas Ah\u00ed siempre\" \/>\n<meta name=\"twitter:card\" content=\"summary_large_image\" \/>\n<meta name=\"twitter:creator\" content=\"@efigas_oficial\" \/>\n<meta name=\"twitter:site\" content=\"@efigas_oficial\" \/>\n<script type=\"application\/ld+json\" class=\"efiseo-schema-graph\">{\"@context\":\"https:\/\/schema.org\",\"@graph\":[{\"@type\":\"Article\",\"@id\":\"https:\/\/www.efigas.com.co\/2024\/07\/19\/equipo-de-expertos-de-efigas-comprometidos-con-la-seguridad\/#article\",\"isPartOf\":{\"@id\":\"https:\/\/www.efigas.com.co\/2024\/07\/19\/equipo-de-expertos-de-efigas-comprometidos-con-la-seguridad\/\"},\"author\":{\"name\":\"Efigas Ah\u00ed siempre\",\"@id\":\"https:\/\/www.efigas.com.co\/#\/schema\/person\/03d51ea9c0f69e80b0c1a50ba0b7d4cb\"},\"headline\":\"Novedad en Calarc\u00e1 por cierre moment\u00e1neo del City Gate\",\"datePublished\":\"2024-07-19T16:47:00+00:00\",\"dateModified\":\"2024-07-19T16:51:32+00:00\",\"mainEntityOfPage\":{\"@id\":\"https:\/\/www.efigas.com.co\/2024\/07\/19\/equipo-de-expertos-de-efigas-comprometidos-con-la-seguridad\/\"},\"wordCount\":265,\"commentCount\":0,\"publisher\":{\"@id\":\"https:\/\/www.efigas.com.co\/#organization\"},\"image\":{\"@id\":\"https:\/\/www.efigas.com.co\/2024\/07\/19\/equipo-de-expertos-de-efigas-comprometidos-con-la-seguridad\/#primaryimage\"},\"thumbnailUrl\":\"https:\/\/www.efigas.com.co\/ef_resources\/2024\/07\/IMG-20240719-WA0006.jpg\",\"keywords\":[\"Efigas\",\"eje cafetero\",\"gas natural\"],\"articleSection\":[\"Destacados\",\"Noticias Efigas\",\"Suspensiones programadas\"],\"inLanguage\":\"es\",\"potentialAction\":[{\"@type\":\"CommentAction\",\"name\":\"Comment\",\"target\":[\"https:\/\/www.efigas.com.co\/2024\/07\/19\/equipo-de-expertos-de-efigas-comprometidos-con-la-seguridad\/#respond\"]}]},{\"@type\":\"WebPage\",\"@id\":\"https:\/\/www.efigas.com.co\/2024\/07\/19\/equipo-de-expertos-de-efigas-comprometidos-con-la-seguridad\/\",\"url\":\"https:\/\/www.efigas.com.co\/2024\/07\/19\/equipo-de-expertos-de-efigas-comprometidos-con-la-seguridad\/\",\"name\":\"Novedad en Calarc\u00e1 por cierre moment\u00e1neo del City Gate - Efigas S.A. E.S.P.\",\"isPartOf\":{\"@id\":\"https:\/\/www.efigas.com.co\/#website\"},\"primaryImageOfPage\":{\"@id\":\"https:\/\/www.efigas.com.co\/2024\/07\/19\/equipo-de-expertos-de-efigas-comprometidos-con-la-seguridad\/#primaryimage\"},\"image\":{\"@id\":\"https:\/\/www.efigas.com.co\/2024\/07\/19\/equipo-de-expertos-de-efigas-comprometidos-con-la-seguridad\/#primaryimage\"},\"thumbnailUrl\":\"https:\/\/www.efigas.com.co\/ef_resources\/2024\/07\/IMG-20240719-WA0006.jpg\",\"datePublished\":\"2024-07-19T16:47:00+00:00\",\"dateModified\":\"2024-07-19T16:51:32+00:00\",\"breadcrumb\":{\"@id\":\"https:\/\/www.efigas.com.co\/2024\/07\/19\/equipo-de-expertos-de-efigas-comprometidos-con-la-seguridad\/#breadcrumb\"},\"inLanguage\":\"es\",\"potentialAction\":[{\"@type\":\"ReadAction\",\"target\":[\"https:\/\/www.efigas.com.co\/2024\/07\/19\/equipo-de-expertos-de-efigas-comprometidos-con-la-seguridad\/\"]}]},{\"@type\":\"ImageObject\",\"inLanguage\":\"es\",\"@id\":\"https:\/\/www.efigas.com.co\/2024\/07\/19\/equipo-de-expertos-de-efigas-comprometidos-con-la-seguridad\/#primaryimage\",\"url\":\"https:\/\/www.efigas.com.co\/ef_resources\/2024\/07\/IMG-20240719-WA0006.jpg\",\"contentUrl\":\"https:\/\/www.efigas.com.co\/ef_resources\/2024\/07\/IMG-20240719-WA0006.jpg\",\"width\":1600,\"height\":1066,\"caption\":\"City Gate\"},{\"@type\":\"BreadcrumbList\",\"@id\":\"https:\/\/www.efigas.com.co\/2024\/07\/19\/equipo-de-expertos-de-efigas-comprometidos-con-la-seguridad\/#breadcrumb\",\"itemListElement\":[{\"@type\":\"ListItem\",\"position\":1,\"name\":\"Inicio\",\"item\":\"https:\/\/www.efigas.com.co\/\"},{\"@type\":\"ListItem\",\"position\":2,\"name\":\"Noticias Efigas\",\"item\":\"https:\/\/www.efigas.com.co\/seccion\/noticias-efigas\/\"},{\"@type\":\"ListItem\",\"position\":3,\"name\":\"Suspensiones programadas\",\"item\":\"https:\/\/www.efigas.com.co\/seccion\/noticias-efigas\/suspensiones-programadas\/\"},{\"@type\":\"ListItem\",\"position\":4,\"name\":\"Novedad en Calarc\u00e1 por cierre moment\u00e1neo del City Gate\"}]},{\"@type\":\"WebSite\",\"@id\":\"https:\/\/www.efigas.com.co\/#website\",\"url\":\"https:\/\/www.efigas.com.co\/\",\"name\":\"Efigas S.A. E.S.P.\",\"description\":\"Distribuidora de gas natural en el eje cafetero, Caldas, Quind\u00edo, Risaralda, servicio de   instalaci\u00f3n y reparaci\u00f3n de estufas de gas, cambio de   medidores de gas   natural, construcci\u00f3n de redes de gas natural, servicio de instalaci\u00f3n y reparaci\u00f3n de   calentadores de gas, servicio de Revisi\u00f3n T\u00e9cnica Reglamentaria.\",\"publisher\":{\"@id\":\"https:\/\/www.efigas.com.co\/#organization\"},\"alternateName\":\"Efigas\",\"potentialAction\":[{\"@type\":\"SearchAction\",\"target\":{\"@type\":\"EntryPoint\",\"urlTemplate\":\"https:\/\/www.efigas.com.co\/?s={search_term_string}\"},\"query-input\":{\"@type\":\"PropertyValueSpecification\",\"valueRequired\":true,\"valueName\":\"search_term_string\"}}],\"inLanguage\":\"es\"},{\"@type\":\"Organization\",\"@id\":\"https:\/\/www.efigas.com.co\/#organization\",\"name\":\"Efigas S.A. E.S.P.\",\"alternateName\":\"Efigas\",\"url\":\"https:\/\/www.efigas.com.co\/\",\"logo\":{\"@type\":\"ImageObject\",\"inLanguage\":\"es\",\"@id\":\"https:\/\/www.efigas.com.co\/#\/schema\/logo\/image\/\",\"url\":\"https:\/\/www.efigas.com.co\/ef_resources\/2023\/12\/logo-efigas-negativo.svg\",\"contentUrl\":\"https:\/\/www.efigas.com.co\/ef_resources\/2023\/12\/logo-efigas-negativo.svg\",\"width\":225,\"height\":123,\"caption\":\"Efigas S.A. E.S.P.\"},\"image\":{\"@id\":\"https:\/\/www.efigas.com.co\/#\/schema\/logo\/image\/\"},\"sameAs\":[\"https:\/\/www.facebook.com\/efigasoficial\/\",\"https:\/\/x.com\/efigas_oficial\",\"https:\/\/www.linkedin.com\/company\/efigas\/\"]},{\"@type\":\"Person\",\"@id\":\"https:\/\/www.efigas.com.co\/#\/schema\/person\/03d51ea9c0f69e80b0c1a50ba0b7d4cb\",\"name\":\"Efigas Ah\u00ed siempre\",\"image\":{\"@type\":\"ImageObject\",\"inLanguage\":\"es\",\"@id\":\"https:\/\/www.efigas.com.co\/#\/schema\/person\/image\/\",\"url\":\"https:\/\/secure.gravatar.com\/avatar\/447b33798c4fb40bd5e056ab68bb1fa8?s=96&d=mm&r=g\",\"contentUrl\":\"https:\/\/secure.gravatar.com\/avatar\/447b33798c4fb40bd5e056ab68bb1fa8?s=96&d=mm&r=g\",\"caption\":\"Efigas Ah\u00ed siempre\"},\"url\":\"https:\/\/www.efigas.com.co\/editor\/efipost\/\"}]}<\/script>\n","yoast_head_json":{"title":"Novedad en Calarc\u00e1 por cierre moment\u00e1neo del City Gate - Efigas S.A. E.S.P.","robots":{"index":"index","follow":"follow","max-snippet":"max-snippet:-1","max-image-preview":"max-image-preview:large","max-video-preview":"max-video-preview:-1"},"canonical":"https:\/\/www.efigas.com.co\/2024\/07\/19\/equipo-de-expertos-de-efigas-comprometidos-con-la-seguridad\/","og_locale":"es_ES","og_type":"article","og_title":"Novedad en Calarc\u00e1 por cierre moment\u00e1neo del City Gate - Efigas S.A. E.S.P.","og_description":"Equipo de expertos de EFIGAS comprometidos con la seguridad Efigas informa que sobre las 11:00 a.m. del 19 de julio de 2024 se recibi\u00f3 informaci\u00f3n sobre el cierre intempestivo del City Gate, o estaci\u00f3n de regulaci\u00f3n, ubicado en el municipio de Calarc\u00e1 y de propiedad del transportador de gas internacional TGI. Esto sucede por algunas [&hellip;]","og_url":"https:\/\/www.efigas.com.co\/2024\/07\/19\/equipo-de-expertos-de-efigas-comprometidos-con-la-seguridad\/","og_site_name":"Efigas S.A. E.S.P.","article_publisher":"https:\/\/www.facebook.com\/efigasoficial\/","article_published_time":"2024-07-19T16:47:00+00:00","article_modified_time":"2024-07-19T16:51:32+00:00","og_image":[{"width":1600,"height":1066,"url":"https:\/\/www.efigas.com.co\/ef_resources\/2024\/07\/IMG-20240719-WA0006.jpg","type":"image\/jpeg"}],"author":"Efigas Ah\u00ed siempre","twitter_card":"summary_large_image","twitter_creator":"@efigas_oficial","twitter_site":"@efigas_oficial","schema":{"@context":"https:\/\/schema.org","@graph":[{"@type":"Article","@id":"https:\/\/www.efigas.com.co\/2024\/07\/19\/equipo-de-expertos-de-efigas-comprometidos-con-la-seguridad\/#article","isPartOf":{"@id":"https:\/\/www.efigas.com.co\/2024\/07\/19\/equipo-de-expertos-de-efigas-comprometidos-con-la-seguridad\/"},"author":{"name":"Efigas Ah\u00ed siempre","@id":"https:\/\/www.efigas.com.co\/#\/schema\/person\/03d51ea9c0f69e80b0c1a50ba0b7d4cb"},"headline":"Novedad en Calarc\u00e1 por cierre moment\u00e1neo del City Gate","datePublished":"2024-07-19T16:47:00+00:00","dateModified":"2024-07-19T16:51:32+00:00","mainEntityOfPage":{"@id":"https:\/\/www.efigas.com.co\/2024\/07\/19\/equipo-de-expertos-de-efigas-comprometidos-con-la-seguridad\/"},"wordCount":265,"commentCount":0,"publisher":{"@id":"https:\/\/www.efigas.com.co\/#organization"},"image":{"@id":"https:\/\/www.efigas.com.co\/2024\/07\/19\/equipo-de-expertos-de-efigas-comprometidos-con-la-seguridad\/#primaryimage"},"thumbnailUrl":"https:\/\/www.efigas.com.co\/ef_resources\/2024\/07\/IMG-20240719-WA0006.jpg","keywords":["Efigas","eje cafetero","gas natural"],"articleSection":["Destacados","Noticias Efigas","Suspensiones programadas"],"inLanguage":"es","potentialAction":[{"@type":"CommentAction","name":"Comment","target":["https:\/\/www.efigas.com.co\/2024\/07\/19\/equipo-de-expertos-de-efigas-comprometidos-con-la-seguridad\/#respond"]}]},{"@type":"WebPage","@id":"https:\/\/www.efigas.com.co\/2024\/07\/19\/equipo-de-expertos-de-efigas-comprometidos-con-la-seguridad\/","url":"https:\/\/www.efigas.com.co\/2024\/07\/19\/equipo-de-expertos-de-efigas-comprometidos-con-la-seguridad\/","name":"Novedad en Calarc\u00e1 por cierre moment\u00e1neo del City Gate - Efigas S.A. E.S.P.","isPartOf":{"@id":"https:\/\/www.efigas.com.co\/#website"},"primaryImageOfPage":{"@id":"https:\/\/www.efigas.com.co\/2024\/07\/19\/equipo-de-expertos-de-efigas-comprometidos-con-la-seguridad\/#primaryimage"},"image":{"@id":"https:\/\/www.efigas.com.co\/2024\/07\/19\/equipo-de-expertos-de-efigas-comprometidos-con-la-seguridad\/#primaryimage"},"thumbnailUrl":"https:\/\/www.efigas.com.co\/ef_resources\/2024\/07\/IMG-20240719-WA0006.jpg","datePublished":"2024-07-19T16:47:00+00:00","dateModified":"2024-07-19T16:51:32+00:00","breadcrumb":{"@id":"https:\/\/www.efigas.com.co\/2024\/07\/19\/equipo-de-expertos-de-efigas-comprometidos-con-la-seguridad\/#breadcrumb"},"inLanguage":"es","potentialAction":[{"@type":"ReadAction","target":["https:\/\/www.efigas.com.co\/2024\/07\/19\/equipo-de-expertos-de-efigas-comprometidos-con-la-seguridad\/"]}]},{"@type":"ImageObject","inLanguage":"es","@id":"https:\/\/www.efigas.com.co\/2024\/07\/19\/equipo-de-expertos-de-efigas-comprometidos-con-la-seguridad\/#primaryimage","url":"https:\/\/www.efigas.com.co\/ef_resources\/2024\/07\/IMG-20240719-WA0006.jpg","contentUrl":"https:\/\/www.efigas.com.co\/ef_resources\/2024\/07\/IMG-20240719-WA0006.jpg","width":1600,"height":1066,"caption":"City Gate"},{"@type":"BreadcrumbList","@id":"https:\/\/www.efigas.com.co\/2024\/07\/19\/equipo-de-expertos-de-efigas-comprometidos-con-la-seguridad\/#breadcrumb","itemListElement":[{"@type":"ListItem","position":1,"name":"Inicio","item":"https:\/\/www.efigas.com.co\/"},{"@type":"ListItem","position":2,"name":"Noticias Efigas","item":"https:\/\/www.efigas.com.co\/seccion\/noticias-efigas\/"},{"@type":"ListItem","position":3,"name":"Suspensiones programadas","item":"https:\/\/www.efigas.com.co\/seccion\/noticias-efigas\/suspensiones-programadas\/"},{"@type":"ListItem","position":4,"name":"Novedad en Calarc\u00e1 por cierre moment\u00e1neo del City Gate"}]},{"@type":"WebSite","@id":"https:\/\/www.efigas.com.co\/#website","url":"https:\/\/www.efigas.com.co\/","name":"Efigas S.A. E.S.P.","description":"Distribuidora de gas natural en el eje cafetero, Caldas, Quind\u00edo, Risaralda, servicio de   instalaci\u00f3n y reparaci\u00f3n de estufas de gas, cambio de   medidores de gas   natural, construcci\u00f3n de redes de gas natural, servicio de instalaci\u00f3n y reparaci\u00f3n de   calentadores de gas, servicio de Revisi\u00f3n T\u00e9cnica Reglamentaria.","publisher":{"@id":"https:\/\/www.efigas.com.co\/#organization"},"alternateName":"Efigas","potentialAction":[{"@type":"SearchAction","target":{"@type":"EntryPoint","urlTemplate":"https:\/\/www.efigas.com.co\/?s={search_term_string}"},"query-input":{"@type":"PropertyValueSpecification","valueRequired":true,"valueName":"search_term_string"}}],"inLanguage":"es"},{"@type":"Organization","@id":"https:\/\/www.efigas.com.co\/#organization","name":"Efigas S.A. E.S.P.","alternateName":"Efigas","url":"https:\/\/www.efigas.com.co\/","logo":{"@type":"ImageObject","inLanguage":"es","@id":"https:\/\/www.efigas.com.co\/#\/schema\/logo\/image\/","url":"https:\/\/www.efigas.com.co\/ef_resources\/2023\/12\/logo-efigas-negativo.svg","contentUrl":"https:\/\/www.efigas.com.co\/ef_resources\/2023\/12\/logo-efigas-negativo.svg","width":225,"height":123,"caption":"Efigas S.A. E.S.P."},"image":{"@id":"https:\/\/www.efigas.com.co\/#\/schema\/logo\/image\/"},"sameAs":["https:\/\/www.facebook.com\/efigasoficial\/","https:\/\/x.com\/efigas_oficial","https:\/\/www.linkedin.com\/company\/efigas\/"]},{"@type":"Person","@id":"https:\/\/www.efigas.com.co\/#\/schema\/person\/03d51ea9c0f69e80b0c1a50ba0b7d4cb","name":"Efigas Ah\u00ed siempre","image":{"@type":"ImageObject","inLanguage":"es","@id":"https:\/\/www.efigas.com.co\/#\/schema\/person\/image\/","url":"https:\/\/secure.gravatar.com\/avatar\/447b33798c4fb40bd5e056ab68bb1fa8?s=96&d=mm&r=g","contentUrl":"https:\/\/secure.gravatar.com\/avatar\/447b33798c4fb40bd5e056ab68bb1fa8?s=96&d=mm&r=g","caption":"Efigas Ah\u00ed siempre"},"url":"https:\/\/www.efigas.com.co\/editor\/efipost\/"}]}},"_links":{"self":[{"href":"https:\/\/www.efigas.com.co\/efi-json\/wp\/v2\/posts\/5413","targetHints":{"allow":["GET"]}}],"collection":[{"href":"https:\/\/www.efigas.com.co\/efi-json\/wp\/v2\/posts"}],"about":[{"href":"https:\/\/www.efigas.com.co\/efi-json\/wp\/v2\/types\/post"}],"author":[{"embeddable":true,"href":"https:\/\/www.efigas.com.co\/efi-json\/wp\/v2\/users\/6"}],"replies":[{"embeddable":true,"href":"https:\/\/www.efigas.com.co\/efi-json\/wp\/v2\/comments?post=5413"}],"version-history":[{"count":2,"href":"https:\/\/www.efigas.com.co\/efi-json\/wp\/v2\/posts\/5413\/revisions"}],"predecessor-version":[{"id":5416,"href":"https:\/\/www.efigas.com.co\/efi-json\/wp\/v2\/posts\/5413\/revisions\/5416"}],"wp:featuredmedia":[{"embeddable":true,"href":"https:\/\/www.efigas.com.co\/efi-json\/wp\/v2\/media\/5414"}],"wp:attachment":[{"href":"https:\/\/www.efigas.com.co\/efi-json\/wp\/v2\/media?parent=5413"}],"wp:term":[{"taxonomy":"category","embeddable":true,"href":"https:\/\/www.efigas.com.co\/efi-json\/wp\/v2\/categories?post=5413"},{"taxonomy":"post_tag","embeddable":true,"href":"https:\/\/www.efigas.com.co\/efi-json\/wp\/v2\/tags?post=5413"}],"curies":[{"name":"wp","href":"https:\/\/api.w.org\/{rel}","templated":true}]}}