{"id":6046,"date":"2024-08-23T11:41:35","date_gmt":"2024-08-23T16:41:35","guid":{"rendered":"https:\/\/www.efigas.com.co\/?p=6046"},"modified":"2024-08-23T11:44:50","modified_gmt":"2024-08-23T16:44:50","slug":"por-obras-para-la-reubicacion-de-tuberia-se-presentara-interrupcion-programada-del-servicio-en-los-sectores-guaduales-del-otun-y-frailes-en-dosquebradas","status":"publish","type":"post","link":"https:\/\/www.efigas.com.co\/2024\/08\/23\/por-obras-para-la-reubicacion-de-tuberia-se-presentara-interrupcion-programada-del-servicio-en-los-sectores-guaduales-del-otun-y-frailes-en-dosquebradas\/","title":{"rendered":"Por obras para la reubicaci\u00f3n de tuber\u00eda se presentar\u00e1 interrupci\u00f3n programada del servicio en los sectores Guaduales del Ot\u00fan y Frailes en Dosquebradas"},"content":{"rendered":"\n<p><strong>Efigas Gas Natural S.A. E.S.P.<\/strong> informa que el s\u00e1bado 24 de agosto de 2024, de 9:00 a.m. a 12:00 m. se presentar\u00e1 una interrupci\u00f3n programada del servicio de gas natural en los sectores Guaduales del Ot\u00fan y Frailes en Dosquebradas, Risaralda, debido a las obras de mantenimiento correctivo con el traslado de la<br>tuber\u00eda troncal de 2 pulgadas, acci\u00f3n necesaria para dar paso a la construcci\u00f3n de redes de acueducto para estos proyectos habitacionales.<\/p>\n\n\n\n<p>Durante ese lapso 497 usuarios residenciales de estos sectores tendr\u00e1n interrupci\u00f3n en el suministro. Se proyecta que el restablecimiento del servicio se d\u00e9 a partir de las 12:00 m. del mismo d\u00eda.<\/p>\n\n\n\n<p>La Compa\u00f1\u00eda reitera las medidas de seguridad como mantener cerradas las llaves de los gasodom\u00e9sticos y ante una emergencia contactarse a trav\u00e9s de la l\u00ednea 164.<\/p>\n\n\n\n<p><strong>\u00a1Todas nuestras acciones son por el bienestar de los usuarios y de la comunidad!<\/strong><\/p>\n\n\n\n<p><strong>Para m\u00e1s informaci\u00f3n consulta los canales oficiales.<\/strong><\/p>\n\n\n\n<p><strong>Oficina de Comunicaciones Efigas Ah\u00ed Siempre<\/strong><br>comunicacionescoporativas@efigas.com.co<\/p>\n","protected":false},"excerpt":{"rendered":"<p>Efigas Gas Natural S.A. E.S.P. informa que el s\u00e1bado 24 de agosto de 2024, de 9:00 a.m. a 12:00 m. se presentar\u00e1 una interrupci\u00f3n programada del servicio de gas natural en los sectores Guaduales del Ot\u00fan y Frailes en Dosquebradas, Risaralda, debido a las obras de mantenimiento correctivo con el traslado de latuber\u00eda troncal de [&hellip;]<\/p>\n","protected":false},"author":5,"featured_media":5485,"comment_status":"open","ping_status":"closed","sticky":false,"template":"","format":"standard","meta":{"inline_featured_image":false,"footnotes":""},"categories":[82,67,70],"tags":[127,31,93,23,126,125],"class_list":["post-6046","post","type-post","status-publish","format-standard","has-post-thumbnail","hentry","category-destacados","category-noticias-efigas","category-suspensiones-programadas","tag-dosquebradas","tag-efigas","tag-eje-cafetero","tag-gas-natural","tag-guaduales-del-otun","tag-interrupcion-programada-del-servicio"],"yoast_head":"\n<title>Por obras para la reubicaci\u00f3n de tuber\u00eda se presentar\u00e1 interrupci\u00f3n programada del servicio en los sectores Guaduales del Ot\u00fan y Frailes en Dosquebradas - Efigas S.A. E.S.P.<\/title>\n<meta name=\"description\" content=\"Por obras para la reubicaci\u00f3n de tuber\u00eda se presentar\u00e1 interrupci\u00f3n programada del servicio en los sectores Guaduales del Ot\u00fan y Frailes en Dosquebradas\" \/>\n<meta name=\"robots\" content=\"index, follow, max-snippet:-1, max-image-preview:large, max-video-preview:-1\" \/>\n<link rel=\"canonical\" href=\"https:\/\/www.efigas.com.co\/2024\/08\/23\/por-obras-para-la-reubicacion-de-tuberia-se-presentara-interrupcion-programada-del-servicio-en-los-sectores-guaduales-del-otun-y-frailes-en-dosquebradas\/\" \/>\n<meta property=\"og:locale\" content=\"es_ES\" \/>\n<meta property=\"og:type\" content=\"article\" \/>\n<meta property=\"og:title\" content=\"Por obras para la reubicaci\u00f3n de tuber\u00eda se presentar\u00e1 interrupci\u00f3n programada del servicio en los sectores Guaduales del Ot\u00fan y Frailes en Dosquebradas - Efigas S.A. E.S.P.\" \/>\n<meta property=\"og:description\" content=\"Por obras para la reubicaci\u00f3n de tuber\u00eda se presentar\u00e1 interrupci\u00f3n programada del servicio en los sectores Guaduales del Ot\u00fan y Frailes en Dosquebradas\" \/>\n<meta property=\"og:url\" content=\"https:\/\/www.efigas.com.co\/2024\/08\/23\/por-obras-para-la-reubicacion-de-tuberia-se-presentara-interrupcion-programada-del-servicio-en-los-sectores-guaduales-del-otun-y-frailes-en-dosquebradas\/\" \/>\n<meta property=\"og:site_name\" content=\"Efigas S.A. E.S.P.\" \/>\n<meta property=\"article:publisher\" content=\"https:\/\/www.facebook.com\/efigasoficial\/\" \/>\n<meta property=\"article:published_time\" content=\"2024-08-23T16:41:35+00:00\" \/>\n<meta property=\"article:modified_time\" content=\"2024-08-23T16:44:50+00:00\" \/>\n<meta property=\"og:image\" content=\"https:\/\/www.efigas.com.co\/ef_resources\/2024\/07\/dosquebradas-risaralda.jpg\" \/>\n\t<meta property=\"og:image:width\" content=\"1024\" \/>\n\t<meta property=\"og:image:height\" content=\"576\" \/>\n\t<meta property=\"og:image:type\" content=\"image\/jpeg\" \/>\n<meta name=\"author\" content=\"Efigas Ah\u00ed Siempre\" \/>\n<meta name=\"twitter:card\" content=\"summary_large_image\" \/>\n<meta name=\"twitter:creator\" content=\"@efigas_oficial\" \/>\n<meta name=\"twitter:site\" content=\"@efigas_oficial\" \/>\n<script type=\"application\/ld+json\" class=\"efiseo-schema-graph\">{\"@context\":\"https:\/\/schema.org\",\"@graph\":[{\"@type\":\"Article\",\"@id\":\"https:\/\/www.efigas.com.co\/2024\/08\/23\/por-obras-para-la-reubicacion-de-tuberia-se-presentara-interrupcion-programada-del-servicio-en-los-sectores-guaduales-del-otun-y-frailes-en-dosquebradas\/#article\",\"isPartOf\":{\"@id\":\"https:\/\/www.efigas.com.co\/2024\/08\/23\/por-obras-para-la-reubicacion-de-tuberia-se-presentara-interrupcion-programada-del-servicio-en-los-sectores-guaduales-del-otun-y-frailes-en-dosquebradas\/\"},\"author\":{\"name\":\"Efigas Ah\u00ed Siempre\",\"@id\":\"https:\/\/www.efigas.com.co\/#\/schema\/person\/bc119ee7cd1c767439d0d6613cab6a52\"},\"headline\":\"Por obras para la reubicaci\u00f3n de tuber\u00eda se presentar\u00e1 interrupci\u00f3n programada del servicio en los sectores Guaduales del Ot\u00fan y Frailes en Dosquebradas\",\"datePublished\":\"2024-08-23T16:41:35+00:00\",\"dateModified\":\"2024-08-23T16:44:50+00:00\",\"mainEntityOfPage\":{\"@id\":\"https:\/\/www.efigas.com.co\/2024\/08\/23\/por-obras-para-la-reubicacion-de-tuberia-se-presentara-interrupcion-programada-del-servicio-en-los-sectores-guaduales-del-otun-y-frailes-en-dosquebradas\/\"},\"wordCount\":200,\"commentCount\":0,\"publisher\":{\"@id\":\"https:\/\/www.efigas.com.co\/#organization\"},\"image\":{\"@id\":\"https:\/\/www.efigas.com.co\/2024\/08\/23\/por-obras-para-la-reubicacion-de-tuberia-se-presentara-interrupcion-programada-del-servicio-en-los-sectores-guaduales-del-otun-y-frailes-en-dosquebradas\/#primaryimage\"},\"thumbnailUrl\":\"https:\/\/www.efigas.com.co\/ef_resources\/2024\/07\/dosquebradas-risaralda.jpg\",\"keywords\":[\"Dosquebradas\",\"Efigas\",\"eje cafetero\",\"gas natural\",\"Guaduales del Ot\u00fan\",\"interrupci\u00f3n programada del servicio\"],\"articleSection\":[\"Destacados\",\"Noticias Efigas\",\"Suspensiones programadas\"],\"inLanguage\":\"es\",\"potentialAction\":[{\"@type\":\"CommentAction\",\"name\":\"Comment\",\"target\":[\"https:\/\/www.efigas.com.co\/2024\/08\/23\/por-obras-para-la-reubicacion-de-tuberia-se-presentara-interrupcion-programada-del-servicio-en-los-sectores-guaduales-del-otun-y-frailes-en-dosquebradas\/#respond\"]}]},{\"@type\":\"WebPage\",\"@id\":\"https:\/\/www.efigas.com.co\/2024\/08\/23\/por-obras-para-la-reubicacion-de-tuberia-se-presentara-interrupcion-programada-del-servicio-en-los-sectores-guaduales-del-otun-y-frailes-en-dosquebradas\/\",\"url\":\"https:\/\/www.efigas.com.co\/2024\/08\/23\/por-obras-para-la-reubicacion-de-tuberia-se-presentara-interrupcion-programada-del-servicio-en-los-sectores-guaduales-del-otun-y-frailes-en-dosquebradas\/\",\"name\":\"Por obras para la reubicaci\u00f3n de tuber\u00eda se presentar\u00e1 interrupci\u00f3n programada del servicio en los sectores Guaduales del Ot\u00fan y Frailes en Dosquebradas - Efigas S.A. E.S.P.\",\"isPartOf\":{\"@id\":\"https:\/\/www.efigas.com.co\/#website\"},\"primaryImageOfPage\":{\"@id\":\"https:\/\/www.efigas.com.co\/2024\/08\/23\/por-obras-para-la-reubicacion-de-tuberia-se-presentara-interrupcion-programada-del-servicio-en-los-sectores-guaduales-del-otun-y-frailes-en-dosquebradas\/#primaryimage\"},\"image\":{\"@id\":\"https:\/\/www.efigas.com.co\/2024\/08\/23\/por-obras-para-la-reubicacion-de-tuberia-se-presentara-interrupcion-programada-del-servicio-en-los-sectores-guaduales-del-otun-y-frailes-en-dosquebradas\/#primaryimage\"},\"thumbnailUrl\":\"https:\/\/www.efigas.com.co\/ef_resources\/2024\/07\/dosquebradas-risaralda.jpg\",\"datePublished\":\"2024-08-23T16:41:35+00:00\",\"dateModified\":\"2024-08-23T16:44:50+00:00\",\"description\":\"Por obras para la reubicaci\u00f3n de tuber\u00eda se presentar\u00e1 interrupci\u00f3n programada del servicio en los sectores Guaduales del Ot\u00fan y Frailes en Dosquebradas\",\"breadcrumb\":{\"@id\":\"https:\/\/www.efigas.com.co\/2024\/08\/23\/por-obras-para-la-reubicacion-de-tuberia-se-presentara-interrupcion-programada-del-servicio-en-los-sectores-guaduales-del-otun-y-frailes-en-dosquebradas\/#breadcrumb\"},\"inLanguage\":\"es\",\"potentialAction\":[{\"@type\":\"ReadAction\",\"target\":[\"https:\/\/www.efigas.com.co\/2024\/08\/23\/por-obras-para-la-reubicacion-de-tuberia-se-presentara-interrupcion-programada-del-servicio-en-los-sectores-guaduales-del-otun-y-frailes-en-dosquebradas\/\"]}]},{\"@type\":\"ImageObject\",\"inLanguage\":\"es\",\"@id\":\"https:\/\/www.efigas.com.co\/2024\/08\/23\/por-obras-para-la-reubicacion-de-tuberia-se-presentara-interrupcion-programada-del-servicio-en-los-sectores-guaduales-del-otun-y-frailes-en-dosquebradas\/#primaryimage\",\"url\":\"https:\/\/www.efigas.com.co\/ef_resources\/2024\/07\/dosquebradas-risaralda.jpg\",\"contentUrl\":\"https:\/\/www.efigas.com.co\/ef_resources\/2024\/07\/dosquebradas-risaralda.jpg\",\"width\":1024,\"height\":576,\"caption\":\"default\"},{\"@type\":\"BreadcrumbList\",\"@id\":\"https:\/\/www.efigas.com.co\/2024\/08\/23\/por-obras-para-la-reubicacion-de-tuberia-se-presentara-interrupcion-programada-del-servicio-en-los-sectores-guaduales-del-otun-y-frailes-en-dosquebradas\/#breadcrumb\",\"itemListElement\":[{\"@type\":\"ListItem\",\"position\":1,\"name\":\"Inicio\",\"item\":\"https:\/\/www.efigas.com.co\/\"},{\"@type\":\"ListItem\",\"position\":2,\"name\":\"Noticias Efigas\",\"item\":\"https:\/\/www.efigas.com.co\/seccion\/noticias-efigas\/\"},{\"@type\":\"ListItem\",\"position\":3,\"name\":\"Por obras para la reubicaci\u00f3n de tuber\u00eda se presentar\u00e1 interrupci\u00f3n programada del servicio en los sectores Guaduales del Ot\u00fan y Frailes en Dosquebradas\"}]},{\"@type\":\"WebSite\",\"@id\":\"https:\/\/www.efigas.com.co\/#website\",\"url\":\"https:\/\/www.efigas.com.co\/\",\"name\":\"Efigas S.A. E.S.P.\",\"description\":\"Distribuidora de gas natural en el eje cafetero, Caldas, Quind\u00edo, Risaralda, servicio de   instalaci\u00f3n y reparaci\u00f3n de estufas de gas, cambio de   medidores de gas   natural, construcci\u00f3n de redes de gas natural, servicio de instalaci\u00f3n y reparaci\u00f3n de   calentadores de gas, servicio de Revisi\u00f3n T\u00e9cnica Reglamentaria.\",\"publisher\":{\"@id\":\"https:\/\/www.efigas.com.co\/#organization\"},\"alternateName\":\"Efigas\",\"potentialAction\":[{\"@type\":\"SearchAction\",\"target\":{\"@type\":\"EntryPoint\",\"urlTemplate\":\"https:\/\/www.efigas.com.co\/?s={search_term_string}\"},\"query-input\":{\"@type\":\"PropertyValueSpecification\",\"valueRequired\":true,\"valueName\":\"search_term_string\"}}],\"inLanguage\":\"es\"},{\"@type\":\"Organization\",\"@id\":\"https:\/\/www.efigas.com.co\/#organization\",\"name\":\"Efigas S.A. E.S.P.\",\"alternateName\":\"Efigas\",\"url\":\"https:\/\/www.efigas.com.co\/\",\"logo\":{\"@type\":\"ImageObject\",\"inLanguage\":\"es\",\"@id\":\"https:\/\/www.efigas.com.co\/#\/schema\/logo\/image\/\",\"url\":\"https:\/\/www.efigas.com.co\/ef_resources\/2023\/12\/logo-efigas-negativo.svg\",\"contentUrl\":\"https:\/\/www.efigas.com.co\/ef_resources\/2023\/12\/logo-efigas-negativo.svg\",\"width\":225,\"height\":123,\"caption\":\"Efigas S.A. E.S.P.\"},\"image\":{\"@id\":\"https:\/\/www.efigas.com.co\/#\/schema\/logo\/image\/\"},\"sameAs\":[\"https:\/\/www.facebook.com\/efigasoficial\/\",\"https:\/\/x.com\/efigas_oficial\",\"https:\/\/www.linkedin.com\/company\/efigas\/\"]},{\"@type\":\"Person\",\"@id\":\"https:\/\/www.efigas.com.co\/#\/schema\/person\/bc119ee7cd1c767439d0d6613cab6a52\",\"name\":\"Efigas Ah\u00ed Siempre\",\"image\":{\"@type\":\"ImageObject\",\"inLanguage\":\"es\",\"@id\":\"https:\/\/www.efigas.com.co\/#\/schema\/person\/image\/\",\"url\":\"https:\/\/secure.gravatar.com\/avatar\/e0f36e0c8d0e1188dd603970371ff0ff?s=96&d=mm&r=g\",\"contentUrl\":\"https:\/\/secure.gravatar.com\/avatar\/e0f36e0c8d0e1188dd603970371ff0ff?s=96&d=mm&r=g\",\"caption\":\"Efigas Ah\u00ed Siempre\"},\"url\":\"https:\/\/www.efigas.com.co\/editor\/efieditor\/\"}]}<\/script>\n","yoast_head_json":{"title":"Por obras para la reubicaci\u00f3n de tuber\u00eda se presentar\u00e1 interrupci\u00f3n programada del servicio en los sectores Guaduales del Ot\u00fan y Frailes en Dosquebradas - Efigas S.A. E.S.P.","description":"Por obras para la reubicaci\u00f3n de tuber\u00eda se presentar\u00e1 interrupci\u00f3n programada del servicio en los sectores Guaduales del Ot\u00fan y Frailes en Dosquebradas","robots":{"index":"index","follow":"follow","max-snippet":"max-snippet:-1","max-image-preview":"max-image-preview:large","max-video-preview":"max-video-preview:-1"},"canonical":"https:\/\/www.efigas.com.co\/2024\/08\/23\/por-obras-para-la-reubicacion-de-tuberia-se-presentara-interrupcion-programada-del-servicio-en-los-sectores-guaduales-del-otun-y-frailes-en-dosquebradas\/","og_locale":"es_ES","og_type":"article","og_title":"Por obras para la reubicaci\u00f3n de tuber\u00eda se presentar\u00e1 interrupci\u00f3n programada del servicio en los sectores Guaduales del Ot\u00fan y Frailes en Dosquebradas - Efigas S.A. E.S.P.","og_description":"Por obras para la reubicaci\u00f3n de tuber\u00eda se presentar\u00e1 interrupci\u00f3n programada del servicio en los sectores Guaduales del Ot\u00fan y Frailes en Dosquebradas","og_url":"https:\/\/www.efigas.com.co\/2024\/08\/23\/por-obras-para-la-reubicacion-de-tuberia-se-presentara-interrupcion-programada-del-servicio-en-los-sectores-guaduales-del-otun-y-frailes-en-dosquebradas\/","og_site_name":"Efigas S.A. E.S.P.","article_publisher":"https:\/\/www.facebook.com\/efigasoficial\/","article_published_time":"2024-08-23T16:41:35+00:00","article_modified_time":"2024-08-23T16:44:50+00:00","og_image":[{"width":1024,"height":576,"url":"https:\/\/www.efigas.com.co\/ef_resources\/2024\/07\/dosquebradas-risaralda.jpg","type":"image\/jpeg"}],"author":"Efigas Ah\u00ed Siempre","twitter_card":"summary_large_image","twitter_creator":"@efigas_oficial","twitter_site":"@efigas_oficial","schema":{"@context":"https:\/\/schema.org","@graph":[{"@type":"Article","@id":"https:\/\/www.efigas.com.co\/2024\/08\/23\/por-obras-para-la-reubicacion-de-tuberia-se-presentara-interrupcion-programada-del-servicio-en-los-sectores-guaduales-del-otun-y-frailes-en-dosquebradas\/#article","isPartOf":{"@id":"https:\/\/www.efigas.com.co\/2024\/08\/23\/por-obras-para-la-reubicacion-de-tuberia-se-presentara-interrupcion-programada-del-servicio-en-los-sectores-guaduales-del-otun-y-frailes-en-dosquebradas\/"},"author":{"name":"Efigas Ah\u00ed Siempre","@id":"https:\/\/www.efigas.com.co\/#\/schema\/person\/bc119ee7cd1c767439d0d6613cab6a52"},"headline":"Por obras para la reubicaci\u00f3n de tuber\u00eda se presentar\u00e1 interrupci\u00f3n programada del servicio en los sectores Guaduales del Ot\u00fan y Frailes en Dosquebradas","datePublished":"2024-08-23T16:41:35+00:00","dateModified":"2024-08-23T16:44:50+00:00","mainEntityOfPage":{"@id":"https:\/\/www.efigas.com.co\/2024\/08\/23\/por-obras-para-la-reubicacion-de-tuberia-se-presentara-interrupcion-programada-del-servicio-en-los-sectores-guaduales-del-otun-y-frailes-en-dosquebradas\/"},"wordCount":200,"commentCount":0,"publisher":{"@id":"https:\/\/www.efigas.com.co\/#organization"},"image":{"@id":"https:\/\/www.efigas.com.co\/2024\/08\/23\/por-obras-para-la-reubicacion-de-tuberia-se-presentara-interrupcion-programada-del-servicio-en-los-sectores-guaduales-del-otun-y-frailes-en-dosquebradas\/#primaryimage"},"thumbnailUrl":"https:\/\/www.efigas.com.co\/ef_resources\/2024\/07\/dosquebradas-risaralda.jpg","keywords":["Dosquebradas","Efigas","eje cafetero","gas natural","Guaduales del Ot\u00fan","interrupci\u00f3n programada del servicio"],"articleSection":["Destacados","Noticias Efigas","Suspensiones programadas"],"inLanguage":"es","potentialAction":[{"@type":"CommentAction","name":"Comment","target":["https:\/\/www.efigas.com.co\/2024\/08\/23\/por-obras-para-la-reubicacion-de-tuberia-se-presentara-interrupcion-programada-del-servicio-en-los-sectores-guaduales-del-otun-y-frailes-en-dosquebradas\/#respond"]}]},{"@type":"WebPage","@id":"https:\/\/www.efigas.com.co\/2024\/08\/23\/por-obras-para-la-reubicacion-de-tuberia-se-presentara-interrupcion-programada-del-servicio-en-los-sectores-guaduales-del-otun-y-frailes-en-dosquebradas\/","url":"https:\/\/www.efigas.com.co\/2024\/08\/23\/por-obras-para-la-reubicacion-de-tuberia-se-presentara-interrupcion-programada-del-servicio-en-los-sectores-guaduales-del-otun-y-frailes-en-dosquebradas\/","name":"Por obras para la reubicaci\u00f3n de tuber\u00eda se presentar\u00e1 interrupci\u00f3n programada del servicio en los sectores Guaduales del Ot\u00fan y Frailes en Dosquebradas - Efigas S.A. E.S.P.","isPartOf":{"@id":"https:\/\/www.efigas.com.co\/#website"},"primaryImageOfPage":{"@id":"https:\/\/www.efigas.com.co\/2024\/08\/23\/por-obras-para-la-reubicacion-de-tuberia-se-presentara-interrupcion-programada-del-servicio-en-los-sectores-guaduales-del-otun-y-frailes-en-dosquebradas\/#primaryimage"},"image":{"@id":"https:\/\/www.efigas.com.co\/2024\/08\/23\/por-obras-para-la-reubicacion-de-tuberia-se-presentara-interrupcion-programada-del-servicio-en-los-sectores-guaduales-del-otun-y-frailes-en-dosquebradas\/#primaryimage"},"thumbnailUrl":"https:\/\/www.efigas.com.co\/ef_resources\/2024\/07\/dosquebradas-risaralda.jpg","datePublished":"2024-08-23T16:41:35+00:00","dateModified":"2024-08-23T16:44:50+00:00","description":"Por obras para la reubicaci\u00f3n de tuber\u00eda se presentar\u00e1 interrupci\u00f3n programada del servicio en los sectores Guaduales del Ot\u00fan y Frailes en Dosquebradas","breadcrumb":{"@id":"https:\/\/www.efigas.com.co\/2024\/08\/23\/por-obras-para-la-reubicacion-de-tuberia-se-presentara-interrupcion-programada-del-servicio-en-los-sectores-guaduales-del-otun-y-frailes-en-dosquebradas\/#breadcrumb"},"inLanguage":"es","potentialAction":[{"@type":"ReadAction","target":["https:\/\/www.efigas.com.co\/2024\/08\/23\/por-obras-para-la-reubicacion-de-tuberia-se-presentara-interrupcion-programada-del-servicio-en-los-sectores-guaduales-del-otun-y-frailes-en-dosquebradas\/"]}]},{"@type":"ImageObject","inLanguage":"es","@id":"https:\/\/www.efigas.com.co\/2024\/08\/23\/por-obras-para-la-reubicacion-de-tuberia-se-presentara-interrupcion-programada-del-servicio-en-los-sectores-guaduales-del-otun-y-frailes-en-dosquebradas\/#primaryimage","url":"https:\/\/www.efigas.com.co\/ef_resources\/2024\/07\/dosquebradas-risaralda.jpg","contentUrl":"https:\/\/www.efigas.com.co\/ef_resources\/2024\/07\/dosquebradas-risaralda.jpg","width":1024,"height":576,"caption":"default"},{"@type":"BreadcrumbList","@id":"https:\/\/www.efigas.com.co\/2024\/08\/23\/por-obras-para-la-reubicacion-de-tuberia-se-presentara-interrupcion-programada-del-servicio-en-los-sectores-guaduales-del-otun-y-frailes-en-dosquebradas\/#breadcrumb","itemListElement":[{"@type":"ListItem","position":1,"name":"Inicio","item":"https:\/\/www.efigas.com.co\/"},{"@type":"ListItem","position":2,"name":"Noticias Efigas","item":"https:\/\/www.efigas.com.co\/seccion\/noticias-efigas\/"},{"@type":"ListItem","position":3,"name":"Por obras para la reubicaci\u00f3n de tuber\u00eda se presentar\u00e1 interrupci\u00f3n programada del servicio en los sectores Guaduales del Ot\u00fan y Frailes en Dosquebradas"}]},{"@type":"WebSite","@id":"https:\/\/www.efigas.com.co\/#website","url":"https:\/\/www.efigas.com.co\/","name":"Efigas S.A. E.S.P.","description":"Distribuidora de gas natural en el eje cafetero, Caldas, Quind\u00edo, Risaralda, servicio de   instalaci\u00f3n y reparaci\u00f3n de estufas de gas, cambio de   medidores de gas   natural, construcci\u00f3n de redes de gas natural, servicio de instalaci\u00f3n y reparaci\u00f3n de   calentadores de gas, servicio de Revisi\u00f3n T\u00e9cnica Reglamentaria.","publisher":{"@id":"https:\/\/www.efigas.com.co\/#organization"},"alternateName":"Efigas","potentialAction":[{"@type":"SearchAction","target":{"@type":"EntryPoint","urlTemplate":"https:\/\/www.efigas.com.co\/?s={search_term_string}"},"query-input":{"@type":"PropertyValueSpecification","valueRequired":true,"valueName":"search_term_string"}}],"inLanguage":"es"},{"@type":"Organization","@id":"https:\/\/www.efigas.com.co\/#organization","name":"Efigas S.A. E.S.P.","alternateName":"Efigas","url":"https:\/\/www.efigas.com.co\/","logo":{"@type":"ImageObject","inLanguage":"es","@id":"https:\/\/www.efigas.com.co\/#\/schema\/logo\/image\/","url":"https:\/\/www.efigas.com.co\/ef_resources\/2023\/12\/logo-efigas-negativo.svg","contentUrl":"https:\/\/www.efigas.com.co\/ef_resources\/2023\/12\/logo-efigas-negativo.svg","width":225,"height":123,"caption":"Efigas S.A. E.S.P."},"image":{"@id":"https:\/\/www.efigas.com.co\/#\/schema\/logo\/image\/"},"sameAs":["https:\/\/www.facebook.com\/efigasoficial\/","https:\/\/x.com\/efigas_oficial","https:\/\/www.linkedin.com\/company\/efigas\/"]},{"@type":"Person","@id":"https:\/\/www.efigas.com.co\/#\/schema\/person\/bc119ee7cd1c767439d0d6613cab6a52","name":"Efigas Ah\u00ed Siempre","image":{"@type":"ImageObject","inLanguage":"es","@id":"https:\/\/www.efigas.com.co\/#\/schema\/person\/image\/","url":"https:\/\/secure.gravatar.com\/avatar\/e0f36e0c8d0e1188dd603970371ff0ff?s=96&d=mm&r=g","contentUrl":"https:\/\/secure.gravatar.com\/avatar\/e0f36e0c8d0e1188dd603970371ff0ff?s=96&d=mm&r=g","caption":"Efigas Ah\u00ed Siempre"},"url":"https:\/\/www.efigas.com.co\/editor\/efieditor\/"}]}},"_links":{"self":[{"href":"https:\/\/www.efigas.com.co\/efi-json\/wp\/v2\/posts\/6046","targetHints":{"allow":["GET"]}}],"collection":[{"href":"https:\/\/www.efigas.com.co\/efi-json\/wp\/v2\/posts"}],"about":[{"href":"https:\/\/www.efigas.com.co\/efi-json\/wp\/v2\/types\/post"}],"author":[{"embeddable":true,"href":"https:\/\/www.efigas.com.co\/efi-json\/wp\/v2\/users\/5"}],"replies":[{"embeddable":true,"href":"https:\/\/www.efigas.com.co\/efi-json\/wp\/v2\/comments?post=6046"}],"version-history":[{"count":1,"href":"https:\/\/www.efigas.com.co\/efi-json\/wp\/v2\/posts\/6046\/revisions"}],"predecessor-version":[{"id":6047,"href":"https:\/\/www.efigas.com.co\/efi-json\/wp\/v2\/posts\/6046\/revisions\/6047"}],"wp:featuredmedia":[{"embeddable":true,"href":"https:\/\/www.efigas.com.co\/efi-json\/wp\/v2\/media\/5485"}],"wp:attachment":[{"href":"https:\/\/www.efigas.com.co\/efi-json\/wp\/v2\/media?parent=6046"}],"wp:term":[{"taxonomy":"category","embeddable":true,"href":"https:\/\/www.efigas.com.co\/efi-json\/wp\/v2\/categories?post=6046"},{"taxonomy":"post_tag","embeddable":true,"href":"https:\/\/www.efigas.com.co\/efi-json\/wp\/v2\/tags?post=6046"}],"curies":[{"name":"wp","href":"https:\/\/api.w.org\/{rel}","templated":true}]}}