{"id":6304,"date":"2024-09-06T18:09:36","date_gmt":"2024-09-06T23:09:36","guid":{"rendered":"https:\/\/www.efigas.com.co\/?p=6304"},"modified":"2024-09-06T18:14:16","modified_gmt":"2024-09-06T23:14:16","slug":"dano-de-tuberia-troncal-ocasiona-la-interrupcion-del-servicio-en-el-corregimiento-de-puerto-caldas-en-pereira","status":"publish","type":"post","link":"https:\/\/www.efigas.com.co\/2024\/09\/06\/dano-de-tuberia-troncal-ocasiona-la-interrupcion-del-servicio-en-el-corregimiento-de-puerto-caldas-en-pereira\/","title":{"rendered":"Da\u00f1o de tuber\u00eda troncal ocasiona la interrupci\u00f3n del servicio en el corregimiento de Puerto Caldas, en Pereira"},"content":{"rendered":"\n<p>Efigas informa que sobre las 4:45 p.m. de este 6 de septiembre se registr\u00f3 un da\u00f1o en la tuber\u00eda troncal de 4 pulgadas en la v\u00eda Cerritos \u2013 Cartago, ocasionado por un tercero que adelantaba obras de movimiento de tierra en ese sector. <\/p>\n\n\n\n<p>Los t\u00e9cnicos expertos de Efigas se encuentran en el sitio y controlaron la situaci\u00f3n con el cierre de la v\u00e1lvula, lo que generar\u00e1 la interrupci\u00f3n del servicio de gas natural para los 1.945 usuarios del corregimiento de Puerto Caldas. El restablecimiento del suministro se proyecta para las 6:00 a.m. del s\u00e1bado 7 de septiembre de 2024.<\/p>\n\n\n\n<p>Pedimos excusas por los inconvenientes que se puedan presentar, recomendamos mantener cerradas las llaves de los gasodom\u00e9sticos y recordamos ante una emergencia comunicarse a la l\u00ednea 164.<\/p>\n\n\n\n<p>En Efigas estamos comprometidos con el bienestar de la poblaci\u00f3n, el desarrollo de la regi\u00f3n, cuidar la vida y trabajar por un territorio sostenible.<\/p>\n\n\n\n<p><strong>Para m\u00e1s informaci\u00f3n consulta los canales oficiales<\/strong><\/p>\n","protected":false},"excerpt":{"rendered":"<p>Efigas informa que sobre las 4:45 p.m. de este 6 de septiembre se registr\u00f3 un da\u00f1o en la tuber\u00eda troncal de 4 pulgadas en la v\u00eda Cerritos \u2013 Cartago, ocasionado por un tercero que adelantaba obras de movimiento de tierra en ese sector. Los t\u00e9cnicos expertos de Efigas se encuentran en el sitio y controlaron [&hellip;]<\/p>\n","protected":false},"author":1,"featured_media":6305,"comment_status":"open","ping_status":"closed","sticky":false,"template":"","format":"standard","meta":{"inline_featured_image":false,"footnotes":""},"categories":[82,67,70],"tags":[93,23,128],"class_list":["post-6304","post","type-post","status-publish","format-standard","has-post-thumbnail","hentry","category-destacados","category-noticias-efigas","category-suspensiones-programadas","tag-eje-cafetero","tag-gas-natural","tag-suspensiones-programadas"],"yoast_head":"\n<title>Da\u00f1o de tuber\u00eda troncal ocasiona la interrupci\u00f3n del servicio en el corregimiento de Puerto Caldas, en Pereira - Efigas S.A. E.S.P.<\/title>\n<meta name=\"description\" content=\"Efigas informa que sobre las 4:45 p.m. de este 6 de septiembre se registr\u00f3 un da\u00f1o en la tuber\u00eda troncal de 4 pulgadas en la v\u00eda Cerritos \u2013 Cartago.\" \/>\n<meta name=\"robots\" content=\"index, follow, max-snippet:-1, max-image-preview:large, max-video-preview:-1\" \/>\n<link rel=\"canonical\" href=\"https:\/\/www.efigas.com.co\/2024\/09\/06\/dano-de-tuberia-troncal-ocasiona-la-interrupcion-del-servicio-en-el-corregimiento-de-puerto-caldas-en-pereira\/\" \/>\n<meta property=\"og:locale\" content=\"es_ES\" \/>\n<meta property=\"og:type\" content=\"article\" \/>\n<meta property=\"og:title\" content=\"Da\u00f1o de tuber\u00eda troncal ocasiona la interrupci\u00f3n del servicio en el corregimiento de Puerto Caldas, en Pereira - Efigas S.A. E.S.P.\" \/>\n<meta property=\"og:description\" content=\"Efigas informa que sobre las 4:45 p.m. de este 6 de septiembre se registr\u00f3 un da\u00f1o en la tuber\u00eda troncal de 4 pulgadas en la v\u00eda Cerritos \u2013 Cartago.\" \/>\n<meta property=\"og:url\" content=\"https:\/\/www.efigas.com.co\/2024\/09\/06\/dano-de-tuberia-troncal-ocasiona-la-interrupcion-del-servicio-en-el-corregimiento-de-puerto-caldas-en-pereira\/\" \/>\n<meta property=\"og:site_name\" content=\"Efigas S.A. E.S.P.\" \/>\n<meta property=\"article:publisher\" content=\"https:\/\/www.facebook.com\/efigasoficial\/\" \/>\n<meta property=\"article:published_time\" content=\"2024-09-06T23:09:36+00:00\" \/>\n<meta property=\"article:modified_time\" content=\"2024-09-06T23:14:16+00:00\" \/>\n<meta property=\"og:image\" content=\"https:\/\/www.efigas.com.co\/ef_resources\/2024\/09\/suspension-programada-pereira.jpg\" \/>\n\t<meta property=\"og:image:width\" content=\"1920\" \/>\n\t<meta property=\"og:image:height\" content=\"1280\" \/>\n\t<meta property=\"og:image:type\" content=\"image\/jpeg\" \/>\n<meta name=\"author\" content=\"Efigas Ah\u00ed siempre\" \/>\n<meta name=\"twitter:card\" content=\"summary_large_image\" \/>\n<meta name=\"twitter:creator\" content=\"@efigas_oficial\" \/>\n<meta name=\"twitter:site\" content=\"@efigas_oficial\" \/>\n<script type=\"application\/ld+json\" class=\"efiseo-schema-graph\">{\"@context\":\"https:\/\/schema.org\",\"@graph\":[{\"@type\":\"Article\",\"@id\":\"https:\/\/www.efigas.com.co\/2024\/09\/06\/dano-de-tuberia-troncal-ocasiona-la-interrupcion-del-servicio-en-el-corregimiento-de-puerto-caldas-en-pereira\/#article\",\"isPartOf\":{\"@id\":\"https:\/\/www.efigas.com.co\/2024\/09\/06\/dano-de-tuberia-troncal-ocasiona-la-interrupcion-del-servicio-en-el-corregimiento-de-puerto-caldas-en-pereira\/\"},\"author\":{\"name\":\"Efigas Ah\u00ed siempre\",\"@id\":\"https:\/\/www.efigas.com.co\/#\/schema\/person\/666f72c982685e945f63f69fe4ad5836\"},\"headline\":\"Da\u00f1o de tuber\u00eda troncal ocasiona la interrupci\u00f3n del servicio en el corregimiento de Puerto Caldas, en Pereira\",\"datePublished\":\"2024-09-06T23:09:36+00:00\",\"dateModified\":\"2024-09-06T23:14:16+00:00\",\"mainEntityOfPage\":{\"@id\":\"https:\/\/www.efigas.com.co\/2024\/09\/06\/dano-de-tuberia-troncal-ocasiona-la-interrupcion-del-servicio-en-el-corregimiento-de-puerto-caldas-en-pereira\/\"},\"wordCount\":184,\"commentCount\":0,\"publisher\":{\"@id\":\"https:\/\/www.efigas.com.co\/#organization\"},\"image\":{\"@id\":\"https:\/\/www.efigas.com.co\/2024\/09\/06\/dano-de-tuberia-troncal-ocasiona-la-interrupcion-del-servicio-en-el-corregimiento-de-puerto-caldas-en-pereira\/#primaryimage\"},\"thumbnailUrl\":\"https:\/\/www.efigas.com.co\/ef_resources\/2024\/09\/suspension-programada-pereira.jpg\",\"keywords\":[\"eje cafetero\",\"gas natural\",\"suspensiones programadas\"],\"articleSection\":[\"Destacados\",\"Noticias Efigas\",\"Suspensiones programadas\"],\"inLanguage\":\"es\",\"potentialAction\":[{\"@type\":\"CommentAction\",\"name\":\"Comment\",\"target\":[\"https:\/\/www.efigas.com.co\/2024\/09\/06\/dano-de-tuberia-troncal-ocasiona-la-interrupcion-del-servicio-en-el-corregimiento-de-puerto-caldas-en-pereira\/#respond\"]}]},{\"@type\":\"WebPage\",\"@id\":\"https:\/\/www.efigas.com.co\/2024\/09\/06\/dano-de-tuberia-troncal-ocasiona-la-interrupcion-del-servicio-en-el-corregimiento-de-puerto-caldas-en-pereira\/\",\"url\":\"https:\/\/www.efigas.com.co\/2024\/09\/06\/dano-de-tuberia-troncal-ocasiona-la-interrupcion-del-servicio-en-el-corregimiento-de-puerto-caldas-en-pereira\/\",\"name\":\"Da\u00f1o de tuber\u00eda troncal ocasiona la interrupci\u00f3n del servicio en el corregimiento de Puerto Caldas, en Pereira - Efigas S.A. E.S.P.\",\"isPartOf\":{\"@id\":\"https:\/\/www.efigas.com.co\/#website\"},\"primaryImageOfPage\":{\"@id\":\"https:\/\/www.efigas.com.co\/2024\/09\/06\/dano-de-tuberia-troncal-ocasiona-la-interrupcion-del-servicio-en-el-corregimiento-de-puerto-caldas-en-pereira\/#primaryimage\"},\"image\":{\"@id\":\"https:\/\/www.efigas.com.co\/2024\/09\/06\/dano-de-tuberia-troncal-ocasiona-la-interrupcion-del-servicio-en-el-corregimiento-de-puerto-caldas-en-pereira\/#primaryimage\"},\"thumbnailUrl\":\"https:\/\/www.efigas.com.co\/ef_resources\/2024\/09\/suspension-programada-pereira.jpg\",\"datePublished\":\"2024-09-06T23:09:36+00:00\",\"dateModified\":\"2024-09-06T23:14:16+00:00\",\"description\":\"Efigas informa que sobre las 4:45 p.m. de este 6 de septiembre se registr\u00f3 un da\u00f1o en la tuber\u00eda troncal de 4 pulgadas en la v\u00eda Cerritos \u2013 Cartago.\",\"breadcrumb\":{\"@id\":\"https:\/\/www.efigas.com.co\/2024\/09\/06\/dano-de-tuberia-troncal-ocasiona-la-interrupcion-del-servicio-en-el-corregimiento-de-puerto-caldas-en-pereira\/#breadcrumb\"},\"inLanguage\":\"es\",\"potentialAction\":[{\"@type\":\"ReadAction\",\"target\":[\"https:\/\/www.efigas.com.co\/2024\/09\/06\/dano-de-tuberia-troncal-ocasiona-la-interrupcion-del-servicio-en-el-corregimiento-de-puerto-caldas-en-pereira\/\"]}]},{\"@type\":\"ImageObject\",\"inLanguage\":\"es\",\"@id\":\"https:\/\/www.efigas.com.co\/2024\/09\/06\/dano-de-tuberia-troncal-ocasiona-la-interrupcion-del-servicio-en-el-corregimiento-de-puerto-caldas-en-pereira\/#primaryimage\",\"url\":\"https:\/\/www.efigas.com.co\/ef_resources\/2024\/09\/suspension-programada-pereira.jpg\",\"contentUrl\":\"https:\/\/www.efigas.com.co\/ef_resources\/2024\/09\/suspension-programada-pereira.jpg\",\"width\":1920,\"height\":1280,\"caption\":\"T[ecnico atendiendo suspension programada\"},{\"@type\":\"BreadcrumbList\",\"@id\":\"https:\/\/www.efigas.com.co\/2024\/09\/06\/dano-de-tuberia-troncal-ocasiona-la-interrupcion-del-servicio-en-el-corregimiento-de-puerto-caldas-en-pereira\/#breadcrumb\",\"itemListElement\":[{\"@type\":\"ListItem\",\"position\":1,\"name\":\"Inicio\",\"item\":\"https:\/\/www.efigas.com.co\/\"},{\"@type\":\"ListItem\",\"position\":2,\"name\":\"Noticias Efigas\",\"item\":\"https:\/\/www.efigas.com.co\/seccion\/noticias-efigas\/\"},{\"@type\":\"ListItem\",\"position\":3,\"name\":\"Da\u00f1o de tuber\u00eda troncal ocasiona la interrupci\u00f3n del servicio en el corregimiento de Puerto Caldas, en Pereira\"}]},{\"@type\":\"WebSite\",\"@id\":\"https:\/\/www.efigas.com.co\/#website\",\"url\":\"https:\/\/www.efigas.com.co\/\",\"name\":\"Efigas S.A. E.S.P.\",\"description\":\"Distribuidora de gas natural en el eje cafetero, Caldas, Quind\u00edo, Risaralda, servicio de   instalaci\u00f3n y reparaci\u00f3n de estufas de gas, cambio de   medidores de gas   natural, construcci\u00f3n de redes de gas natural, servicio de instalaci\u00f3n y reparaci\u00f3n de   calentadores de gas, servicio de Revisi\u00f3n T\u00e9cnica Reglamentaria.\",\"publisher\":{\"@id\":\"https:\/\/www.efigas.com.co\/#organization\"},\"alternateName\":\"Efigas\",\"potentialAction\":[{\"@type\":\"SearchAction\",\"target\":{\"@type\":\"EntryPoint\",\"urlTemplate\":\"https:\/\/www.efigas.com.co\/?s={search_term_string}\"},\"query-input\":{\"@type\":\"PropertyValueSpecification\",\"valueRequired\":true,\"valueName\":\"search_term_string\"}}],\"inLanguage\":\"es\"},{\"@type\":\"Organization\",\"@id\":\"https:\/\/www.efigas.com.co\/#organization\",\"name\":\"Efigas S.A. E.S.P.\",\"alternateName\":\"Efigas\",\"url\":\"https:\/\/www.efigas.com.co\/\",\"logo\":{\"@type\":\"ImageObject\",\"inLanguage\":\"es\",\"@id\":\"https:\/\/www.efigas.com.co\/#\/schema\/logo\/image\/\",\"url\":\"https:\/\/www.efigas.com.co\/ef_resources\/2023\/12\/logo-efigas-negativo.svg\",\"contentUrl\":\"https:\/\/www.efigas.com.co\/ef_resources\/2023\/12\/logo-efigas-negativo.svg\",\"width\":225,\"height\":123,\"caption\":\"Efigas S.A. E.S.P.\"},\"image\":{\"@id\":\"https:\/\/www.efigas.com.co\/#\/schema\/logo\/image\/\"},\"sameAs\":[\"https:\/\/www.facebook.com\/efigasoficial\/\",\"https:\/\/x.com\/efigas_oficial\",\"https:\/\/www.linkedin.com\/company\/efigas\/\"]},{\"@type\":\"Person\",\"@id\":\"https:\/\/www.efigas.com.co\/#\/schema\/person\/666f72c982685e945f63f69fe4ad5836\",\"name\":\"Efigas Ah\u00ed siempre\",\"image\":{\"@type\":\"ImageObject\",\"inLanguage\":\"es\",\"@id\":\"https:\/\/www.efigas.com.co\/#\/schema\/person\/image\/\",\"url\":\"https:\/\/secure.gravatar.com\/avatar\/e95aeff8d6446834b0e7f8a66e260799?s=96&d=mm&r=g\",\"contentUrl\":\"https:\/\/secure.gravatar.com\/avatar\/e95aeff8d6446834b0e7f8a66e260799?s=96&d=mm&r=g\",\"caption\":\"Efigas Ah\u00ed siempre\"},\"url\":\"https:\/\/www.efigas.com.co\/editor\/eficontent\/\"}]}<\/script>\n","yoast_head_json":{"title":"Da\u00f1o de tuber\u00eda troncal ocasiona la interrupci\u00f3n del servicio en el corregimiento de Puerto Caldas, en Pereira - Efigas S.A. E.S.P.","description":"Efigas informa que sobre las 4:45 p.m. de este 6 de septiembre se registr\u00f3 un da\u00f1o en la tuber\u00eda troncal de 4 pulgadas en la v\u00eda Cerritos \u2013 Cartago.","robots":{"index":"index","follow":"follow","max-snippet":"max-snippet:-1","max-image-preview":"max-image-preview:large","max-video-preview":"max-video-preview:-1"},"canonical":"https:\/\/www.efigas.com.co\/2024\/09\/06\/dano-de-tuberia-troncal-ocasiona-la-interrupcion-del-servicio-en-el-corregimiento-de-puerto-caldas-en-pereira\/","og_locale":"es_ES","og_type":"article","og_title":"Da\u00f1o de tuber\u00eda troncal ocasiona la interrupci\u00f3n del servicio en el corregimiento de Puerto Caldas, en Pereira - Efigas S.A. E.S.P.","og_description":"Efigas informa que sobre las 4:45 p.m. de este 6 de septiembre se registr\u00f3 un da\u00f1o en la tuber\u00eda troncal de 4 pulgadas en la v\u00eda Cerritos \u2013 Cartago.","og_url":"https:\/\/www.efigas.com.co\/2024\/09\/06\/dano-de-tuberia-troncal-ocasiona-la-interrupcion-del-servicio-en-el-corregimiento-de-puerto-caldas-en-pereira\/","og_site_name":"Efigas S.A. E.S.P.","article_publisher":"https:\/\/www.facebook.com\/efigasoficial\/","article_published_time":"2024-09-06T23:09:36+00:00","article_modified_time":"2024-09-06T23:14:16+00:00","og_image":[{"width":1920,"height":1280,"url":"https:\/\/www.efigas.com.co\/ef_resources\/2024\/09\/suspension-programada-pereira.jpg","type":"image\/jpeg"}],"author":"Efigas Ah\u00ed siempre","twitter_card":"summary_large_image","twitter_creator":"@efigas_oficial","twitter_site":"@efigas_oficial","schema":{"@context":"https:\/\/schema.org","@graph":[{"@type":"Article","@id":"https:\/\/www.efigas.com.co\/2024\/09\/06\/dano-de-tuberia-troncal-ocasiona-la-interrupcion-del-servicio-en-el-corregimiento-de-puerto-caldas-en-pereira\/#article","isPartOf":{"@id":"https:\/\/www.efigas.com.co\/2024\/09\/06\/dano-de-tuberia-troncal-ocasiona-la-interrupcion-del-servicio-en-el-corregimiento-de-puerto-caldas-en-pereira\/"},"author":{"name":"Efigas Ah\u00ed siempre","@id":"https:\/\/www.efigas.com.co\/#\/schema\/person\/666f72c982685e945f63f69fe4ad5836"},"headline":"Da\u00f1o de tuber\u00eda troncal ocasiona la interrupci\u00f3n del servicio en el corregimiento de Puerto Caldas, en Pereira","datePublished":"2024-09-06T23:09:36+00:00","dateModified":"2024-09-06T23:14:16+00:00","mainEntityOfPage":{"@id":"https:\/\/www.efigas.com.co\/2024\/09\/06\/dano-de-tuberia-troncal-ocasiona-la-interrupcion-del-servicio-en-el-corregimiento-de-puerto-caldas-en-pereira\/"},"wordCount":184,"commentCount":0,"publisher":{"@id":"https:\/\/www.efigas.com.co\/#organization"},"image":{"@id":"https:\/\/www.efigas.com.co\/2024\/09\/06\/dano-de-tuberia-troncal-ocasiona-la-interrupcion-del-servicio-en-el-corregimiento-de-puerto-caldas-en-pereira\/#primaryimage"},"thumbnailUrl":"https:\/\/www.efigas.com.co\/ef_resources\/2024\/09\/suspension-programada-pereira.jpg","keywords":["eje cafetero","gas natural","suspensiones programadas"],"articleSection":["Destacados","Noticias Efigas","Suspensiones programadas"],"inLanguage":"es","potentialAction":[{"@type":"CommentAction","name":"Comment","target":["https:\/\/www.efigas.com.co\/2024\/09\/06\/dano-de-tuberia-troncal-ocasiona-la-interrupcion-del-servicio-en-el-corregimiento-de-puerto-caldas-en-pereira\/#respond"]}]},{"@type":"WebPage","@id":"https:\/\/www.efigas.com.co\/2024\/09\/06\/dano-de-tuberia-troncal-ocasiona-la-interrupcion-del-servicio-en-el-corregimiento-de-puerto-caldas-en-pereira\/","url":"https:\/\/www.efigas.com.co\/2024\/09\/06\/dano-de-tuberia-troncal-ocasiona-la-interrupcion-del-servicio-en-el-corregimiento-de-puerto-caldas-en-pereira\/","name":"Da\u00f1o de tuber\u00eda troncal ocasiona la interrupci\u00f3n del servicio en el corregimiento de Puerto Caldas, en Pereira - Efigas S.A. E.S.P.","isPartOf":{"@id":"https:\/\/www.efigas.com.co\/#website"},"primaryImageOfPage":{"@id":"https:\/\/www.efigas.com.co\/2024\/09\/06\/dano-de-tuberia-troncal-ocasiona-la-interrupcion-del-servicio-en-el-corregimiento-de-puerto-caldas-en-pereira\/#primaryimage"},"image":{"@id":"https:\/\/www.efigas.com.co\/2024\/09\/06\/dano-de-tuberia-troncal-ocasiona-la-interrupcion-del-servicio-en-el-corregimiento-de-puerto-caldas-en-pereira\/#primaryimage"},"thumbnailUrl":"https:\/\/www.efigas.com.co\/ef_resources\/2024\/09\/suspension-programada-pereira.jpg","datePublished":"2024-09-06T23:09:36+00:00","dateModified":"2024-09-06T23:14:16+00:00","description":"Efigas informa que sobre las 4:45 p.m. de este 6 de septiembre se registr\u00f3 un da\u00f1o en la tuber\u00eda troncal de 4 pulgadas en la v\u00eda Cerritos \u2013 Cartago.","breadcrumb":{"@id":"https:\/\/www.efigas.com.co\/2024\/09\/06\/dano-de-tuberia-troncal-ocasiona-la-interrupcion-del-servicio-en-el-corregimiento-de-puerto-caldas-en-pereira\/#breadcrumb"},"inLanguage":"es","potentialAction":[{"@type":"ReadAction","target":["https:\/\/www.efigas.com.co\/2024\/09\/06\/dano-de-tuberia-troncal-ocasiona-la-interrupcion-del-servicio-en-el-corregimiento-de-puerto-caldas-en-pereira\/"]}]},{"@type":"ImageObject","inLanguage":"es","@id":"https:\/\/www.efigas.com.co\/2024\/09\/06\/dano-de-tuberia-troncal-ocasiona-la-interrupcion-del-servicio-en-el-corregimiento-de-puerto-caldas-en-pereira\/#primaryimage","url":"https:\/\/www.efigas.com.co\/ef_resources\/2024\/09\/suspension-programada-pereira.jpg","contentUrl":"https:\/\/www.efigas.com.co\/ef_resources\/2024\/09\/suspension-programada-pereira.jpg","width":1920,"height":1280,"caption":"T[ecnico atendiendo suspension programada"},{"@type":"BreadcrumbList","@id":"https:\/\/www.efigas.com.co\/2024\/09\/06\/dano-de-tuberia-troncal-ocasiona-la-interrupcion-del-servicio-en-el-corregimiento-de-puerto-caldas-en-pereira\/#breadcrumb","itemListElement":[{"@type":"ListItem","position":1,"name":"Inicio","item":"https:\/\/www.efigas.com.co\/"},{"@type":"ListItem","position":2,"name":"Noticias Efigas","item":"https:\/\/www.efigas.com.co\/seccion\/noticias-efigas\/"},{"@type":"ListItem","position":3,"name":"Da\u00f1o de tuber\u00eda troncal ocasiona la interrupci\u00f3n del servicio en el corregimiento de Puerto Caldas, en Pereira"}]},{"@type":"WebSite","@id":"https:\/\/www.efigas.com.co\/#website","url":"https:\/\/www.efigas.com.co\/","name":"Efigas S.A. E.S.P.","description":"Distribuidora de gas natural en el eje cafetero, Caldas, Quind\u00edo, Risaralda, servicio de   instalaci\u00f3n y reparaci\u00f3n de estufas de gas, cambio de   medidores de gas   natural, construcci\u00f3n de redes de gas natural, servicio de instalaci\u00f3n y reparaci\u00f3n de   calentadores de gas, servicio de Revisi\u00f3n T\u00e9cnica Reglamentaria.","publisher":{"@id":"https:\/\/www.efigas.com.co\/#organization"},"alternateName":"Efigas","potentialAction":[{"@type":"SearchAction","target":{"@type":"EntryPoint","urlTemplate":"https:\/\/www.efigas.com.co\/?s={search_term_string}"},"query-input":{"@type":"PropertyValueSpecification","valueRequired":true,"valueName":"search_term_string"}}],"inLanguage":"es"},{"@type":"Organization","@id":"https:\/\/www.efigas.com.co\/#organization","name":"Efigas S.A. E.S.P.","alternateName":"Efigas","url":"https:\/\/www.efigas.com.co\/","logo":{"@type":"ImageObject","inLanguage":"es","@id":"https:\/\/www.efigas.com.co\/#\/schema\/logo\/image\/","url":"https:\/\/www.efigas.com.co\/ef_resources\/2023\/12\/logo-efigas-negativo.svg","contentUrl":"https:\/\/www.efigas.com.co\/ef_resources\/2023\/12\/logo-efigas-negativo.svg","width":225,"height":123,"caption":"Efigas S.A. E.S.P."},"image":{"@id":"https:\/\/www.efigas.com.co\/#\/schema\/logo\/image\/"},"sameAs":["https:\/\/www.facebook.com\/efigasoficial\/","https:\/\/x.com\/efigas_oficial","https:\/\/www.linkedin.com\/company\/efigas\/"]},{"@type":"Person","@id":"https:\/\/www.efigas.com.co\/#\/schema\/person\/666f72c982685e945f63f69fe4ad5836","name":"Efigas Ah\u00ed siempre","image":{"@type":"ImageObject","inLanguage":"es","@id":"https:\/\/www.efigas.com.co\/#\/schema\/person\/image\/","url":"https:\/\/secure.gravatar.com\/avatar\/e95aeff8d6446834b0e7f8a66e260799?s=96&d=mm&r=g","contentUrl":"https:\/\/secure.gravatar.com\/avatar\/e95aeff8d6446834b0e7f8a66e260799?s=96&d=mm&r=g","caption":"Efigas Ah\u00ed siempre"},"url":"https:\/\/www.efigas.com.co\/editor\/eficontent\/"}]}},"_links":{"self":[{"href":"https:\/\/www.efigas.com.co\/efi-json\/wp\/v2\/posts\/6304","targetHints":{"allow":["GET"]}}],"collection":[{"href":"https:\/\/www.efigas.com.co\/efi-json\/wp\/v2\/posts"}],"about":[{"href":"https:\/\/www.efigas.com.co\/efi-json\/wp\/v2\/types\/post"}],"author":[{"embeddable":true,"href":"https:\/\/www.efigas.com.co\/efi-json\/wp\/v2\/users\/1"}],"replies":[{"embeddable":true,"href":"https:\/\/www.efigas.com.co\/efi-json\/wp\/v2\/comments?post=6304"}],"version-history":[{"count":1,"href":"https:\/\/www.efigas.com.co\/efi-json\/wp\/v2\/posts\/6304\/revisions"}],"predecessor-version":[{"id":6306,"href":"https:\/\/www.efigas.com.co\/efi-json\/wp\/v2\/posts\/6304\/revisions\/6306"}],"wp:featuredmedia":[{"embeddable":true,"href":"https:\/\/www.efigas.com.co\/efi-json\/wp\/v2\/media\/6305"}],"wp:attachment":[{"href":"https:\/\/www.efigas.com.co\/efi-json\/wp\/v2\/media?parent=6304"}],"wp:term":[{"taxonomy":"category","embeddable":true,"href":"https:\/\/www.efigas.com.co\/efi-json\/wp\/v2\/categories?post=6304"},{"taxonomy":"post_tag","embeddable":true,"href":"https:\/\/www.efigas.com.co\/efi-json\/wp\/v2\/tags?post=6304"}],"curies":[{"name":"wp","href":"https:\/\/api.w.org\/{rel}","templated":true}]}}