{"id":6537,"date":"2024-09-20T09:13:11","date_gmt":"2024-09-20T14:13:11","guid":{"rendered":"https:\/\/www.efigas.com.co\/?p=6537"},"modified":"2024-09-20T09:13:14","modified_gmt":"2024-09-20T14:13:14","slug":"efigas_informa_sobre_el_suministro_de_gas_natural_vehicular_en_el_eje_cafetero","status":"publish","type":"post","link":"https:\/\/www.efigas.com.co\/2024\/09\/20\/efigas_informa_sobre_el_suministro_de_gas_natural_vehicular_en_el_eje_cafetero\/","title":{"rendered":"Efigas informa sobre el suministro de gas natural vehicular en el Eje Cafetero"},"content":{"rendered":"\n<p><strong>Efigas<\/strong> informa que a la fecha no se han presentado interrupciones del servicio de gas natural para atender la demanda de Gas Natural Vehicular (GNV) a las estaciones de servicio en su zona de influencia y que son atendidas por Efigas de manera completa; es decir, incluyendo la venta del combustible, el transporte de este desde el campo de producci\u00f3n y finalmente la distribuci\u00f3n y entrega final en las puertas de estas estaciones ubicadas en la zona del Eje Cafetero.<\/p>\n\n\n\n<p>As\u00ed las cosas, en el Eje Cafetero Efigas atiende el siguiente n\u00famero de estaciones de manera completa (suministro, transporte y distribuci\u00f3n) con contrataci\u00f3n 100% en firme y que a la fecha no tienen restricci\u00f3n alguna y por lo tanto se encuentran en operaci\u00f3n:<\/p>\n\n\n\n<ul class=\"efi-block-list\">\n<li><strong>Manizales: 4.<\/strong><\/li>\n\n\n\n<li><strong>Armenia: 2.<\/strong><\/li>\n\n\n\n<li><strong>Pereira: 6.<\/strong><\/li>\n\n\n\n<li><strong>Dosquebradas: 2.<\/strong><\/li>\n\n\n\n<li><strong>Santa Rosa de Cabal: 1.<\/strong><\/li>\n<\/ul>\n\n\n\n<p>Finalmente, se ha evidenciado que algunas estaciones de servicio de GNV que son atendidas por otro comercializador han realizado restricci\u00f3n del servicio. Es de aclarar que Efigas como distribuidor atiende todo el mercado de GNV; sin embargo en el negocio de comercializaci\u00f3n (venta de suministro y transporte) existen otros comercializadores en la zona.<\/p>\n\n\n\n<p>Es altamente probable que esta situaci\u00f3n ocasionar\u00e1 congestiones en el suministro del GNV en las estaciones operativas y podr\u00eda llegar a afectar la estabilidad del sistema de distribuci\u00f3n de Efigas, por lo que hacemos un llamado al mercado del GNV para el uso racional de este servicio, con el fin de evitar un colapso de nuestro sistema.<\/p>\n","protected":false},"excerpt":{"rendered":"<p>Efigas informa que a la fecha no se han presentado interrupciones del servicio de gas natural para atender la demanda de Gas Natural Vehicular (GNV) a las estaciones de servicio en su zona de influencia y que son atendidas por Efigas de manera completa; es decir, incluyendo la venta del combustible, el transporte de este [&hellip;]<\/p>\n","protected":false},"author":5,"featured_media":1141,"comment_status":"open","ping_status":"closed","sticky":false,"template":"","format":"standard","meta":{"inline_featured_image":false,"footnotes":""},"categories":[69,82,67],"tags":[143,127,31,93,23,28,29,142,100,144],"class_list":["post-6537","post","type-post","status-publish","format-standard","has-post-thumbnail","hentry","category-comunicados","category-destacados","category-noticias-efigas","tag-armenia","tag-dosquebradas","tag-efigas","tag-eje-cafetero","tag-gas-natural","tag-gas-natural-vehicular","tag-gnv","tag-manizales","tag-pereira","tag-santa-rosa-de-cabal"],"yoast_head":"\n<title>Efigas informa sobre el suministro de gas natural vehicular en el Eje Cafetero - Efigas S.A. E.S.P.<\/title>\n<meta name=\"description\" content=\"Efigas informa que a la fecha no se han presentado interrupciones del servicio de gas natural para atender la demanda de Gas Natural Vehicular (GNV) a las estaciones de servicio en su zona de influencia y que son atendidas por Efigas de manera completa; es decir, incluyendo la venta del combustible, el transporte de este desde el campo de producci\u00f3n y finalmente la distribuci\u00f3n y entrega final en las puertas de estas estaciones ubicadas en la zona del Eje Cafetero.\" \/>\n<meta name=\"robots\" content=\"index, follow, max-snippet:-1, max-image-preview:large, max-video-preview:-1\" \/>\n<link rel=\"canonical\" href=\"https:\/\/www.efigas.com.co\/2024\/09\/20\/efigas_informa_sobre_el_suministro_de_gas_natural_vehicular_en_el_eje_cafetero\/\" \/>\n<meta property=\"og:locale\" content=\"es_ES\" \/>\n<meta property=\"og:type\" content=\"article\" \/>\n<meta property=\"og:title\" content=\"Efigas informa sobre el suministro de gas natural vehicular en el Eje Cafetero - Efigas S.A. E.S.P.\" \/>\n<meta property=\"og:description\" content=\"Efigas informa que a la fecha no se han presentado interrupciones del servicio de gas natural para atender la demanda de Gas Natural Vehicular (GNV) a las estaciones de servicio en su zona de influencia y que son atendidas por Efigas de manera completa; es decir, incluyendo la venta del combustible, el transporte de este desde el campo de producci\u00f3n y finalmente la distribuci\u00f3n y entrega final en las puertas de estas estaciones ubicadas en la zona del Eje Cafetero.\" \/>\n<meta property=\"og:url\" content=\"https:\/\/www.efigas.com.co\/2024\/09\/20\/efigas_informa_sobre_el_suministro_de_gas_natural_vehicular_en_el_eje_cafetero\/\" \/>\n<meta property=\"og:site_name\" content=\"Efigas S.A. E.S.P.\" \/>\n<meta property=\"article:publisher\" content=\"https:\/\/www.facebook.com\/efigasoficial\/\" \/>\n<meta property=\"article:published_time\" content=\"2024-09-20T14:13:11+00:00\" \/>\n<meta property=\"article:modified_time\" content=\"2024-09-20T14:13:14+00:00\" \/>\n<meta property=\"og:image\" content=\"https:\/\/www.efigas.com.co\/ef_resources\/2024\/01\/Efigas_143752954.jpg\" \/>\n\t<meta property=\"og:image:width\" content=\"1920\" \/>\n\t<meta property=\"og:image:height\" content=\"1249\" \/>\n\t<meta property=\"og:image:type\" content=\"image\/jpeg\" \/>\n<meta name=\"author\" content=\"Efigas Ah\u00ed Siempre\" \/>\n<meta name=\"twitter:card\" content=\"summary_large_image\" \/>\n<meta name=\"twitter:creator\" content=\"@efigas_oficial\" \/>\n<meta name=\"twitter:site\" content=\"@efigas_oficial\" \/>\n<script type=\"application\/ld+json\" class=\"efiseo-schema-graph\">{\"@context\":\"https:\/\/schema.org\",\"@graph\":[{\"@type\":\"Article\",\"@id\":\"https:\/\/www.efigas.com.co\/2024\/09\/20\/efigas_informa_sobre_el_suministro_de_gas_natural_vehicular_en_el_eje_cafetero\/#article\",\"isPartOf\":{\"@id\":\"https:\/\/www.efigas.com.co\/2024\/09\/20\/efigas_informa_sobre_el_suministro_de_gas_natural_vehicular_en_el_eje_cafetero\/\"},\"author\":{\"name\":\"Efigas Ah\u00ed Siempre\",\"@id\":\"https:\/\/www.efigas.com.co\/#\/schema\/person\/bc119ee7cd1c767439d0d6613cab6a52\"},\"headline\":\"Efigas informa sobre el suministro de gas natural vehicular en el Eje Cafetero\",\"datePublished\":\"2024-09-20T14:13:11+00:00\",\"dateModified\":\"2024-09-20T14:13:14+00:00\",\"mainEntityOfPage\":{\"@id\":\"https:\/\/www.efigas.com.co\/2024\/09\/20\/efigas_informa_sobre_el_suministro_de_gas_natural_vehicular_en_el_eje_cafetero\/\"},\"wordCount\":265,\"commentCount\":0,\"publisher\":{\"@id\":\"https:\/\/www.efigas.com.co\/#organization\"},\"image\":{\"@id\":\"https:\/\/www.efigas.com.co\/2024\/09\/20\/efigas_informa_sobre_el_suministro_de_gas_natural_vehicular_en_el_eje_cafetero\/#primaryimage\"},\"thumbnailUrl\":\"https:\/\/www.efigas.com.co\/ef_resources\/2024\/01\/Efigas_143752954.jpg\",\"keywords\":[\"Armenia\",\"Dosquebradas\",\"Efigas\",\"eje cafetero\",\"gas natural\",\"gas natural vehicular\",\"GNV\",\"Manizales\",\"Pereira\",\"Santa Rosa de Cabal\"],\"articleSection\":[\"Comunicados\",\"Destacados\",\"Noticias Efigas\"],\"inLanguage\":\"es\",\"potentialAction\":[{\"@type\":\"CommentAction\",\"name\":\"Comment\",\"target\":[\"https:\/\/www.efigas.com.co\/2024\/09\/20\/efigas_informa_sobre_el_suministro_de_gas_natural_vehicular_en_el_eje_cafetero\/#respond\"]}]},{\"@type\":\"WebPage\",\"@id\":\"https:\/\/www.efigas.com.co\/2024\/09\/20\/efigas_informa_sobre_el_suministro_de_gas_natural_vehicular_en_el_eje_cafetero\/\",\"url\":\"https:\/\/www.efigas.com.co\/2024\/09\/20\/efigas_informa_sobre_el_suministro_de_gas_natural_vehicular_en_el_eje_cafetero\/\",\"name\":\"Efigas informa sobre el suministro de gas natural vehicular en el Eje Cafetero - Efigas S.A. E.S.P.\",\"isPartOf\":{\"@id\":\"https:\/\/www.efigas.com.co\/#website\"},\"primaryImageOfPage\":{\"@id\":\"https:\/\/www.efigas.com.co\/2024\/09\/20\/efigas_informa_sobre_el_suministro_de_gas_natural_vehicular_en_el_eje_cafetero\/#primaryimage\"},\"image\":{\"@id\":\"https:\/\/www.efigas.com.co\/2024\/09\/20\/efigas_informa_sobre_el_suministro_de_gas_natural_vehicular_en_el_eje_cafetero\/#primaryimage\"},\"thumbnailUrl\":\"https:\/\/www.efigas.com.co\/ef_resources\/2024\/01\/Efigas_143752954.jpg\",\"datePublished\":\"2024-09-20T14:13:11+00:00\",\"dateModified\":\"2024-09-20T14:13:14+00:00\",\"description\":\"Efigas informa que a la fecha no se han presentado interrupciones del servicio de gas natural para atender la demanda de Gas Natural Vehicular (GNV) a las estaciones de servicio en su zona de influencia y que son atendidas por Efigas de manera completa; es decir, incluyendo la venta del combustible, el transporte de este desde el campo de producci\u00f3n y finalmente la distribuci\u00f3n y entrega final en las puertas de estas estaciones ubicadas en la zona del Eje Cafetero.\",\"breadcrumb\":{\"@id\":\"https:\/\/www.efigas.com.co\/2024\/09\/20\/efigas_informa_sobre_el_suministro_de_gas_natural_vehicular_en_el_eje_cafetero\/#breadcrumb\"},\"inLanguage\":\"es\",\"potentialAction\":[{\"@type\":\"ReadAction\",\"target\":[\"https:\/\/www.efigas.com.co\/2024\/09\/20\/efigas_informa_sobre_el_suministro_de_gas_natural_vehicular_en_el_eje_cafetero\/\"]}]},{\"@type\":\"ImageObject\",\"inLanguage\":\"es\",\"@id\":\"https:\/\/www.efigas.com.co\/2024\/09\/20\/efigas_informa_sobre_el_suministro_de_gas_natural_vehicular_en_el_eje_cafetero\/#primaryimage\",\"url\":\"https:\/\/www.efigas.com.co\/ef_resources\/2024\/01\/Efigas_143752954.jpg\",\"contentUrl\":\"https:\/\/www.efigas.com.co\/ef_resources\/2024\/01\/Efigas_143752954.jpg\",\"width\":1920,\"height\":1249},{\"@type\":\"BreadcrumbList\",\"@id\":\"https:\/\/www.efigas.com.co\/2024\/09\/20\/efigas_informa_sobre_el_suministro_de_gas_natural_vehicular_en_el_eje_cafetero\/#breadcrumb\",\"itemListElement\":[{\"@type\":\"ListItem\",\"position\":1,\"name\":\"Inicio\",\"item\":\"https:\/\/www.efigas.com.co\/\"},{\"@type\":\"ListItem\",\"position\":2,\"name\":\"Noticias Efigas\",\"item\":\"https:\/\/www.efigas.com.co\/seccion\/noticias-efigas\/\"},{\"@type\":\"ListItem\",\"position\":3,\"name\":\"Efigas informa sobre el suministro de gas natural vehicular en el Eje Cafetero\"}]},{\"@type\":\"WebSite\",\"@id\":\"https:\/\/www.efigas.com.co\/#website\",\"url\":\"https:\/\/www.efigas.com.co\/\",\"name\":\"Efigas S.A. E.S.P.\",\"description\":\"Distribuidora de gas natural en el eje cafetero, Caldas, Quind\u00edo, Risaralda, servicio de   instalaci\u00f3n y reparaci\u00f3n de estufas de gas, cambio de   medidores de gas   natural, construcci\u00f3n de redes de gas natural, servicio de instalaci\u00f3n y reparaci\u00f3n de   calentadores de gas, servicio de Revisi\u00f3n T\u00e9cnica Reglamentaria.\",\"publisher\":{\"@id\":\"https:\/\/www.efigas.com.co\/#organization\"},\"alternateName\":\"Efigas\",\"potentialAction\":[{\"@type\":\"SearchAction\",\"target\":{\"@type\":\"EntryPoint\",\"urlTemplate\":\"https:\/\/www.efigas.com.co\/?s={search_term_string}\"},\"query-input\":{\"@type\":\"PropertyValueSpecification\",\"valueRequired\":true,\"valueName\":\"search_term_string\"}}],\"inLanguage\":\"es\"},{\"@type\":\"Organization\",\"@id\":\"https:\/\/www.efigas.com.co\/#organization\",\"name\":\"Efigas S.A. E.S.P.\",\"alternateName\":\"Efigas\",\"url\":\"https:\/\/www.efigas.com.co\/\",\"logo\":{\"@type\":\"ImageObject\",\"inLanguage\":\"es\",\"@id\":\"https:\/\/www.efigas.com.co\/#\/schema\/logo\/image\/\",\"url\":\"https:\/\/www.efigas.com.co\/ef_resources\/2023\/12\/logo-efigas-negativo.svg\",\"contentUrl\":\"https:\/\/www.efigas.com.co\/ef_resources\/2023\/12\/logo-efigas-negativo.svg\",\"width\":225,\"height\":123,\"caption\":\"Efigas S.A. E.S.P.\"},\"image\":{\"@id\":\"https:\/\/www.efigas.com.co\/#\/schema\/logo\/image\/\"},\"sameAs\":[\"https:\/\/www.facebook.com\/efigasoficial\/\",\"https:\/\/x.com\/efigas_oficial\",\"https:\/\/www.linkedin.com\/company\/efigas\/\"]},{\"@type\":\"Person\",\"@id\":\"https:\/\/www.efigas.com.co\/#\/schema\/person\/bc119ee7cd1c767439d0d6613cab6a52\",\"name\":\"Efigas Ah\u00ed Siempre\",\"image\":{\"@type\":\"ImageObject\",\"inLanguage\":\"es\",\"@id\":\"https:\/\/www.efigas.com.co\/#\/schema\/person\/image\/\",\"url\":\"https:\/\/secure.gravatar.com\/avatar\/e0f36e0c8d0e1188dd603970371ff0ff?s=96&d=mm&r=g\",\"contentUrl\":\"https:\/\/secure.gravatar.com\/avatar\/e0f36e0c8d0e1188dd603970371ff0ff?s=96&d=mm&r=g\",\"caption\":\"Efigas Ah\u00ed Siempre\"},\"url\":\"https:\/\/www.efigas.com.co\/editor\/efieditor\/\"}]}<\/script>\n","yoast_head_json":{"title":"Efigas informa sobre el suministro de gas natural vehicular en el Eje Cafetero - Efigas S.A. E.S.P.","description":"Efigas informa que a la fecha no se han presentado interrupciones del servicio de gas natural para atender la demanda de Gas Natural Vehicular (GNV) a las estaciones de servicio en su zona de influencia y que son atendidas por Efigas de manera completa; es decir, incluyendo la venta del combustible, el transporte de este desde el campo de producci\u00f3n y finalmente la distribuci\u00f3n y entrega final en las puertas de estas estaciones ubicadas en la zona del Eje Cafetero.","robots":{"index":"index","follow":"follow","max-snippet":"max-snippet:-1","max-image-preview":"max-image-preview:large","max-video-preview":"max-video-preview:-1"},"canonical":"https:\/\/www.efigas.com.co\/2024\/09\/20\/efigas_informa_sobre_el_suministro_de_gas_natural_vehicular_en_el_eje_cafetero\/","og_locale":"es_ES","og_type":"article","og_title":"Efigas informa sobre el suministro de gas natural vehicular en el Eje Cafetero - Efigas S.A. E.S.P.","og_description":"Efigas informa que a la fecha no se han presentado interrupciones del servicio de gas natural para atender la demanda de Gas Natural Vehicular (GNV) a las estaciones de servicio en su zona de influencia y que son atendidas por Efigas de manera completa; es decir, incluyendo la venta del combustible, el transporte de este desde el campo de producci\u00f3n y finalmente la distribuci\u00f3n y entrega final en las puertas de estas estaciones ubicadas en la zona del Eje Cafetero.","og_url":"https:\/\/www.efigas.com.co\/2024\/09\/20\/efigas_informa_sobre_el_suministro_de_gas_natural_vehicular_en_el_eje_cafetero\/","og_site_name":"Efigas S.A. E.S.P.","article_publisher":"https:\/\/www.facebook.com\/efigasoficial\/","article_published_time":"2024-09-20T14:13:11+00:00","article_modified_time":"2024-09-20T14:13:14+00:00","og_image":[{"width":1920,"height":1249,"url":"https:\/\/www.efigas.com.co\/ef_resources\/2024\/01\/Efigas_143752954.jpg","type":"image\/jpeg"}],"author":"Efigas Ah\u00ed Siempre","twitter_card":"summary_large_image","twitter_creator":"@efigas_oficial","twitter_site":"@efigas_oficial","schema":{"@context":"https:\/\/schema.org","@graph":[{"@type":"Article","@id":"https:\/\/www.efigas.com.co\/2024\/09\/20\/efigas_informa_sobre_el_suministro_de_gas_natural_vehicular_en_el_eje_cafetero\/#article","isPartOf":{"@id":"https:\/\/www.efigas.com.co\/2024\/09\/20\/efigas_informa_sobre_el_suministro_de_gas_natural_vehicular_en_el_eje_cafetero\/"},"author":{"name":"Efigas Ah\u00ed Siempre","@id":"https:\/\/www.efigas.com.co\/#\/schema\/person\/bc119ee7cd1c767439d0d6613cab6a52"},"headline":"Efigas informa sobre el suministro de gas natural vehicular en el Eje Cafetero","datePublished":"2024-09-20T14:13:11+00:00","dateModified":"2024-09-20T14:13:14+00:00","mainEntityOfPage":{"@id":"https:\/\/www.efigas.com.co\/2024\/09\/20\/efigas_informa_sobre_el_suministro_de_gas_natural_vehicular_en_el_eje_cafetero\/"},"wordCount":265,"commentCount":0,"publisher":{"@id":"https:\/\/www.efigas.com.co\/#organization"},"image":{"@id":"https:\/\/www.efigas.com.co\/2024\/09\/20\/efigas_informa_sobre_el_suministro_de_gas_natural_vehicular_en_el_eje_cafetero\/#primaryimage"},"thumbnailUrl":"https:\/\/www.efigas.com.co\/ef_resources\/2024\/01\/Efigas_143752954.jpg","keywords":["Armenia","Dosquebradas","Efigas","eje cafetero","gas natural","gas natural vehicular","GNV","Manizales","Pereira","Santa Rosa de Cabal"],"articleSection":["Comunicados","Destacados","Noticias Efigas"],"inLanguage":"es","potentialAction":[{"@type":"CommentAction","name":"Comment","target":["https:\/\/www.efigas.com.co\/2024\/09\/20\/efigas_informa_sobre_el_suministro_de_gas_natural_vehicular_en_el_eje_cafetero\/#respond"]}]},{"@type":"WebPage","@id":"https:\/\/www.efigas.com.co\/2024\/09\/20\/efigas_informa_sobre_el_suministro_de_gas_natural_vehicular_en_el_eje_cafetero\/","url":"https:\/\/www.efigas.com.co\/2024\/09\/20\/efigas_informa_sobre_el_suministro_de_gas_natural_vehicular_en_el_eje_cafetero\/","name":"Efigas informa sobre el suministro de gas natural vehicular en el Eje Cafetero - Efigas S.A. E.S.P.","isPartOf":{"@id":"https:\/\/www.efigas.com.co\/#website"},"primaryImageOfPage":{"@id":"https:\/\/www.efigas.com.co\/2024\/09\/20\/efigas_informa_sobre_el_suministro_de_gas_natural_vehicular_en_el_eje_cafetero\/#primaryimage"},"image":{"@id":"https:\/\/www.efigas.com.co\/2024\/09\/20\/efigas_informa_sobre_el_suministro_de_gas_natural_vehicular_en_el_eje_cafetero\/#primaryimage"},"thumbnailUrl":"https:\/\/www.efigas.com.co\/ef_resources\/2024\/01\/Efigas_143752954.jpg","datePublished":"2024-09-20T14:13:11+00:00","dateModified":"2024-09-20T14:13:14+00:00","description":"Efigas informa que a la fecha no se han presentado interrupciones del servicio de gas natural para atender la demanda de Gas Natural Vehicular (GNV) a las estaciones de servicio en su zona de influencia y que son atendidas por Efigas de manera completa; es decir, incluyendo la venta del combustible, el transporte de este desde el campo de producci\u00f3n y finalmente la distribuci\u00f3n y entrega final en las puertas de estas estaciones ubicadas en la zona del Eje Cafetero.","breadcrumb":{"@id":"https:\/\/www.efigas.com.co\/2024\/09\/20\/efigas_informa_sobre_el_suministro_de_gas_natural_vehicular_en_el_eje_cafetero\/#breadcrumb"},"inLanguage":"es","potentialAction":[{"@type":"ReadAction","target":["https:\/\/www.efigas.com.co\/2024\/09\/20\/efigas_informa_sobre_el_suministro_de_gas_natural_vehicular_en_el_eje_cafetero\/"]}]},{"@type":"ImageObject","inLanguage":"es","@id":"https:\/\/www.efigas.com.co\/2024\/09\/20\/efigas_informa_sobre_el_suministro_de_gas_natural_vehicular_en_el_eje_cafetero\/#primaryimage","url":"https:\/\/www.efigas.com.co\/ef_resources\/2024\/01\/Efigas_143752954.jpg","contentUrl":"https:\/\/www.efigas.com.co\/ef_resources\/2024\/01\/Efigas_143752954.jpg","width":1920,"height":1249},{"@type":"BreadcrumbList","@id":"https:\/\/www.efigas.com.co\/2024\/09\/20\/efigas_informa_sobre_el_suministro_de_gas_natural_vehicular_en_el_eje_cafetero\/#breadcrumb","itemListElement":[{"@type":"ListItem","position":1,"name":"Inicio","item":"https:\/\/www.efigas.com.co\/"},{"@type":"ListItem","position":2,"name":"Noticias Efigas","item":"https:\/\/www.efigas.com.co\/seccion\/noticias-efigas\/"},{"@type":"ListItem","position":3,"name":"Efigas informa sobre el suministro de gas natural vehicular en el Eje Cafetero"}]},{"@type":"WebSite","@id":"https:\/\/www.efigas.com.co\/#website","url":"https:\/\/www.efigas.com.co\/","name":"Efigas S.A. E.S.P.","description":"Distribuidora de gas natural en el eje cafetero, Caldas, Quind\u00edo, Risaralda, servicio de   instalaci\u00f3n y reparaci\u00f3n de estufas de gas, cambio de   medidores de gas   natural, construcci\u00f3n de redes de gas natural, servicio de instalaci\u00f3n y reparaci\u00f3n de   calentadores de gas, servicio de Revisi\u00f3n T\u00e9cnica Reglamentaria.","publisher":{"@id":"https:\/\/www.efigas.com.co\/#organization"},"alternateName":"Efigas","potentialAction":[{"@type":"SearchAction","target":{"@type":"EntryPoint","urlTemplate":"https:\/\/www.efigas.com.co\/?s={search_term_string}"},"query-input":{"@type":"PropertyValueSpecification","valueRequired":true,"valueName":"search_term_string"}}],"inLanguage":"es"},{"@type":"Organization","@id":"https:\/\/www.efigas.com.co\/#organization","name":"Efigas S.A. E.S.P.","alternateName":"Efigas","url":"https:\/\/www.efigas.com.co\/","logo":{"@type":"ImageObject","inLanguage":"es","@id":"https:\/\/www.efigas.com.co\/#\/schema\/logo\/image\/","url":"https:\/\/www.efigas.com.co\/ef_resources\/2023\/12\/logo-efigas-negativo.svg","contentUrl":"https:\/\/www.efigas.com.co\/ef_resources\/2023\/12\/logo-efigas-negativo.svg","width":225,"height":123,"caption":"Efigas S.A. E.S.P."},"image":{"@id":"https:\/\/www.efigas.com.co\/#\/schema\/logo\/image\/"},"sameAs":["https:\/\/www.facebook.com\/efigasoficial\/","https:\/\/x.com\/efigas_oficial","https:\/\/www.linkedin.com\/company\/efigas\/"]},{"@type":"Person","@id":"https:\/\/www.efigas.com.co\/#\/schema\/person\/bc119ee7cd1c767439d0d6613cab6a52","name":"Efigas Ah\u00ed Siempre","image":{"@type":"ImageObject","inLanguage":"es","@id":"https:\/\/www.efigas.com.co\/#\/schema\/person\/image\/","url":"https:\/\/secure.gravatar.com\/avatar\/e0f36e0c8d0e1188dd603970371ff0ff?s=96&d=mm&r=g","contentUrl":"https:\/\/secure.gravatar.com\/avatar\/e0f36e0c8d0e1188dd603970371ff0ff?s=96&d=mm&r=g","caption":"Efigas Ah\u00ed Siempre"},"url":"https:\/\/www.efigas.com.co\/editor\/efieditor\/"}]}},"_links":{"self":[{"href":"https:\/\/www.efigas.com.co\/efi-json\/wp\/v2\/posts\/6537","targetHints":{"allow":["GET"]}}],"collection":[{"href":"https:\/\/www.efigas.com.co\/efi-json\/wp\/v2\/posts"}],"about":[{"href":"https:\/\/www.efigas.com.co\/efi-json\/wp\/v2\/types\/post"}],"author":[{"embeddable":true,"href":"https:\/\/www.efigas.com.co\/efi-json\/wp\/v2\/users\/5"}],"replies":[{"embeddable":true,"href":"https:\/\/www.efigas.com.co\/efi-json\/wp\/v2\/comments?post=6537"}],"version-history":[{"count":1,"href":"https:\/\/www.efigas.com.co\/efi-json\/wp\/v2\/posts\/6537\/revisions"}],"predecessor-version":[{"id":6538,"href":"https:\/\/www.efigas.com.co\/efi-json\/wp\/v2\/posts\/6537\/revisions\/6538"}],"wp:featuredmedia":[{"embeddable":true,"href":"https:\/\/www.efigas.com.co\/efi-json\/wp\/v2\/media\/1141"}],"wp:attachment":[{"href":"https:\/\/www.efigas.com.co\/efi-json\/wp\/v2\/media?parent=6537"}],"wp:term":[{"taxonomy":"category","embeddable":true,"href":"https:\/\/www.efigas.com.co\/efi-json\/wp\/v2\/categories?post=6537"},{"taxonomy":"post_tag","embeddable":true,"href":"https:\/\/www.efigas.com.co\/efi-json\/wp\/v2\/tags?post=6537"}],"curies":[{"name":"wp","href":"https:\/\/api.w.org\/{rel}","templated":true}]}}