{"id":8225,"date":"2024-12-30T10:27:40","date_gmt":"2024-12-30T15:27:40","guid":{"rendered":"https:\/\/www.efigas.com.co\/?p=8225"},"modified":"2024-12-30T10:27:42","modified_gmt":"2024-12-30T15:27:42","slug":"ministerio-de-minas-y-energia-y-efigas-celebran-la-conexion-de-7-644-hogares-al-gas-natural-en-el-eje-cafetero-un-sueno-hecho-realidad","status":"publish","type":"post","link":"https:\/\/www.efigas.com.co\/2024\/12\/30\/ministerio-de-minas-y-energia-y-efigas-celebran-la-conexion-de-7-644-hogares-al-gas-natural-en-el-eje-cafetero-un-sueno-hecho-realidad\/","title":{"rendered":"Ministerio de Minas y Energ\u00eda y Efigas celebran la conexi\u00f3n de 7.644 hogares al gas natural en el Eje Cafetero: Un sue\u00f1o hecho realidad"},"content":{"rendered":"\n<p>Efigas anuncia la conexi\u00f3n exitosa de 7.644 hogares en 32 municipios del Eje Cafetero al gas natural, gracias al convenio con el Ministerio de Minas y Energ\u00eda, en un logro que mejora el acceso de familias de estratos 1 y 2 de la regi\u00f3n a energ\u00edas limpias y asequibles; lo que representa un hito tanto en infraestructura como en el cumplimiento de un sue\u00f1o para miles de personas. Este proyecto demostr\u00f3 el impacto positivo de las alianzas entre los sectores p\u00fablico y privado para transformar vidas y construir un futuro m\u00e1s sostenible.<\/p>\n\n\n\n<p><strong>Un proyecto que transforma vidas<\/strong><\/p>\n\n\n\n<p>El acceso al gas natural marca un antes y un despu\u00e9s para estas comunidades, porque les permiti\u00f3 migrar de energ\u00e9ticos contaminantes como la le\u00f1a o el carb\u00f3n a una fuente de energ\u00eda m\u00e1s segura, eficiente y econ\u00f3mica como lo es el gas natural.  Este subsidio es una clara muestra del compromiso del Gobierno Nacional y de Efigas con el bienestar social y el desarrollo sostenible en el pa\u00eds.  \u201cEste proyecto es m\u00e1s que una conexi\u00f3n al gas natural; es un avance hacia una vida digna, sostenible y saludable para las comunidades m\u00e1s vulnerables del Eje Cafetero\u201d, destac\u00f3 <strong>Carlos Alberto Mazeneth, gerente general de Efigas.<\/strong><\/p>\n\n\n\n<p><strong>Impacto directo en la calidad de vida <\/strong><\/p>\n\n\n\n<p>El proyecto mejora las condiciones del hogar e impacta positivamente as\u00ed:<\/p>\n\n\n\n<ul class=\"efi-block-list\">\n<li><strong>Ahorro de tiempo: <\/strong>Las familias dedican menos tiempo a labores como recolectar le\u00f1a o manejar energ\u00e9ticos ineficientes.<\/li>\n\n\n\n<li><strong>Optimizaci\u00f3n de recursos econ\u00f3micos:<\/strong> El gas natural es una de las fuentes de energ\u00eda m\u00e1s econ\u00f3micas disponibles.<\/li>\n\n\n\n<li><strong>Mejor salud: <\/strong>La reducci\u00f3n de la exposici\u00f3n al humo y contaminantes disminuye el riesgo de enfermedades respiratorias.<\/li>\n\n\n\n<li><strong>Mayor seguridad y comodidad: <\/strong>Cocinar con gas natural es m\u00e1s seguro y eficiente, brindando tranquilidad a los hogares.<\/li>\n<\/ul>\n\n\n\n<p>Este importante resultado hace parte de las acciones ejecutadas por Efigas durante 2024, a\u00f1o en el que se registr\u00f3 la conexi\u00f3n de 22.897 nuevos clientes, para alcanzar un total de 713.373 usuarios que se benefician del gas natural en 75 municipios de Caldas, Risaralda y Quind\u00edo.<\/p>\n\n\n\n<p><\/p>\n","protected":false},"excerpt":{"rendered":"<p>Efigas anuncia la conexi\u00f3n exitosa de 7.644 hogares en 32 municipios del Eje Cafetero al gas natural, gracias al convenio con el Ministerio de Minas y Energ\u00eda, en un logro que mejora el acceso de familias de estratos 1 y 2 de la regi\u00f3n a energ\u00edas limpias y asequibles; lo que representa un hito tanto [&hellip;]<\/p>\n","protected":false},"author":5,"featured_media":8226,"comment_status":"open","ping_status":"closed","sticky":false,"template":"","format":"standard","meta":{"inline_featured_image":false,"footnotes":""},"categories":[82,67],"tags":[31,93,23,37],"class_list":["post-8225","post","type-post","status-publish","format-standard","has-post-thumbnail","hentry","category-destacados","category-noticias-efigas","tag-efigas","tag-eje-cafetero","tag-gas-natural","tag-gasodomesticos"],"yoast_head":"\n<title>Ministerio de Minas y Energ\u00eda y Efigas celebran la conexi\u00f3n de 7.644 hogares al gas natural en el Eje Cafetero: Un sue\u00f1o hecho realidad - Efigas S.A. E.S.P.<\/title>\n<meta name=\"robots\" content=\"index, follow, max-snippet:-1, max-image-preview:large, max-video-preview:-1\" \/>\n<link rel=\"canonical\" href=\"https:\/\/www.efigas.com.co\/2024\/12\/30\/ministerio-de-minas-y-energia-y-efigas-celebran-la-conexion-de-7-644-hogares-al-gas-natural-en-el-eje-cafetero-un-sueno-hecho-realidad\/\" \/>\n<meta property=\"og:locale\" content=\"es_ES\" \/>\n<meta property=\"og:type\" content=\"article\" \/>\n<meta property=\"og:title\" content=\"Ministerio de Minas y Energ\u00eda y Efigas celebran la conexi\u00f3n de 7.644 hogares al gas natural en el Eje Cafetero: Un sue\u00f1o hecho realidad - Efigas S.A. E.S.P.\" \/>\n<meta property=\"og:description\" content=\"Efigas anuncia la conexi\u00f3n exitosa de 7.644 hogares en 32 municipios del Eje Cafetero al gas natural, gracias al convenio con el Ministerio de Minas y Energ\u00eda, en un logro que mejora el acceso de familias de estratos 1 y 2 de la regi\u00f3n a energ\u00edas limpias y asequibles; lo que representa un hito tanto [&hellip;]\" \/>\n<meta property=\"og:url\" content=\"https:\/\/www.efigas.com.co\/2024\/12\/30\/ministerio-de-minas-y-energia-y-efigas-celebran-la-conexion-de-7-644-hogares-al-gas-natural-en-el-eje-cafetero-un-sueno-hecho-realidad\/\" \/>\n<meta property=\"og:site_name\" content=\"Efigas S.A. E.S.P.\" \/>\n<meta property=\"article:publisher\" content=\"https:\/\/www.facebook.com\/efigasoficial\/\" \/>\n<meta property=\"article:published_time\" content=\"2024-12-30T15:27:40+00:00\" \/>\n<meta property=\"article:modified_time\" content=\"2024-12-30T15:27:42+00:00\" \/>\n<meta property=\"og:image\" content=\"https:\/\/www.efigas.com.co\/ef_resources\/2024\/12\/La-llama-de-la-alegria-2.jpeg\" \/>\n\t<meta property=\"og:image:width\" content=\"1600\" \/>\n\t<meta property=\"og:image:height\" content=\"1066\" \/>\n\t<meta property=\"og:image:type\" content=\"image\/jpeg\" \/>\n<meta name=\"author\" content=\"Efigas Ah\u00ed Siempre\" \/>\n<meta name=\"twitter:card\" content=\"summary_large_image\" \/>\n<meta name=\"twitter:creator\" content=\"@efigas_oficial\" \/>\n<meta name=\"twitter:site\" content=\"@efigas_oficial\" \/>\n<script type=\"application\/ld+json\" class=\"efiseo-schema-graph\">{\"@context\":\"https:\/\/schema.org\",\"@graph\":[{\"@type\":\"Article\",\"@id\":\"https:\/\/www.efigas.com.co\/2024\/12\/30\/ministerio-de-minas-y-energia-y-efigas-celebran-la-conexion-de-7-644-hogares-al-gas-natural-en-el-eje-cafetero-un-sueno-hecho-realidad\/#article\",\"isPartOf\":{\"@id\":\"https:\/\/www.efigas.com.co\/2024\/12\/30\/ministerio-de-minas-y-energia-y-efigas-celebran-la-conexion-de-7-644-hogares-al-gas-natural-en-el-eje-cafetero-un-sueno-hecho-realidad\/\"},\"author\":{\"name\":\"Efigas Ah\u00ed Siempre\",\"@id\":\"https:\/\/www.efigas.com.co\/#\/schema\/person\/bc119ee7cd1c767439d0d6613cab6a52\"},\"headline\":\"Ministerio de Minas y Energ\u00eda y Efigas celebran la conexi\u00f3n de 7.644 hogares al gas natural en el Eje Cafetero: Un sue\u00f1o hecho realidad\",\"datePublished\":\"2024-12-30T15:27:40+00:00\",\"dateModified\":\"2024-12-30T15:27:42+00:00\",\"mainEntityOfPage\":{\"@id\":\"https:\/\/www.efigas.com.co\/2024\/12\/30\/ministerio-de-minas-y-energia-y-efigas-celebran-la-conexion-de-7-644-hogares-al-gas-natural-en-el-eje-cafetero-un-sueno-hecho-realidad\/\"},\"wordCount\":383,\"commentCount\":0,\"publisher\":{\"@id\":\"https:\/\/www.efigas.com.co\/#organization\"},\"image\":{\"@id\":\"https:\/\/www.efigas.com.co\/2024\/12\/30\/ministerio-de-minas-y-energia-y-efigas-celebran-la-conexion-de-7-644-hogares-al-gas-natural-en-el-eje-cafetero-un-sueno-hecho-realidad\/#primaryimage\"},\"thumbnailUrl\":\"https:\/\/www.efigas.com.co\/ef_resources\/2024\/12\/La-llama-de-la-alegria-2.jpeg\",\"keywords\":[\"Efigas\",\"eje cafetero\",\"gas natural\",\"Gasodom\u00e9sticos\"],\"articleSection\":[\"Destacados\",\"Noticias Efigas\"],\"inLanguage\":\"es\",\"potentialAction\":[{\"@type\":\"CommentAction\",\"name\":\"Comment\",\"target\":[\"https:\/\/www.efigas.com.co\/2024\/12\/30\/ministerio-de-minas-y-energia-y-efigas-celebran-la-conexion-de-7-644-hogares-al-gas-natural-en-el-eje-cafetero-un-sueno-hecho-realidad\/#respond\"]}]},{\"@type\":\"WebPage\",\"@id\":\"https:\/\/www.efigas.com.co\/2024\/12\/30\/ministerio-de-minas-y-energia-y-efigas-celebran-la-conexion-de-7-644-hogares-al-gas-natural-en-el-eje-cafetero-un-sueno-hecho-realidad\/\",\"url\":\"https:\/\/www.efigas.com.co\/2024\/12\/30\/ministerio-de-minas-y-energia-y-efigas-celebran-la-conexion-de-7-644-hogares-al-gas-natural-en-el-eje-cafetero-un-sueno-hecho-realidad\/\",\"name\":\"Ministerio de Minas y Energ\u00eda y Efigas celebran la conexi\u00f3n de 7.644 hogares al gas natural en el Eje Cafetero: Un sue\u00f1o hecho realidad - Efigas S.A. E.S.P.\",\"isPartOf\":{\"@id\":\"https:\/\/www.efigas.com.co\/#website\"},\"primaryImageOfPage\":{\"@id\":\"https:\/\/www.efigas.com.co\/2024\/12\/30\/ministerio-de-minas-y-energia-y-efigas-celebran-la-conexion-de-7-644-hogares-al-gas-natural-en-el-eje-cafetero-un-sueno-hecho-realidad\/#primaryimage\"},\"image\":{\"@id\":\"https:\/\/www.efigas.com.co\/2024\/12\/30\/ministerio-de-minas-y-energia-y-efigas-celebran-la-conexion-de-7-644-hogares-al-gas-natural-en-el-eje-cafetero-un-sueno-hecho-realidad\/#primaryimage\"},\"thumbnailUrl\":\"https:\/\/www.efigas.com.co\/ef_resources\/2024\/12\/La-llama-de-la-alegria-2.jpeg\",\"datePublished\":\"2024-12-30T15:27:40+00:00\",\"dateModified\":\"2024-12-30T15:27:42+00:00\",\"breadcrumb\":{\"@id\":\"https:\/\/www.efigas.com.co\/2024\/12\/30\/ministerio-de-minas-y-energia-y-efigas-celebran-la-conexion-de-7-644-hogares-al-gas-natural-en-el-eje-cafetero-un-sueno-hecho-realidad\/#breadcrumb\"},\"inLanguage\":\"es\",\"potentialAction\":[{\"@type\":\"ReadAction\",\"target\":[\"https:\/\/www.efigas.com.co\/2024\/12\/30\/ministerio-de-minas-y-energia-y-efigas-celebran-la-conexion-de-7-644-hogares-al-gas-natural-en-el-eje-cafetero-un-sueno-hecho-realidad\/\"]}]},{\"@type\":\"ImageObject\",\"inLanguage\":\"es\",\"@id\":\"https:\/\/www.efigas.com.co\/2024\/12\/30\/ministerio-de-minas-y-energia-y-efigas-celebran-la-conexion-de-7-644-hogares-al-gas-natural-en-el-eje-cafetero-un-sueno-hecho-realidad\/#primaryimage\",\"url\":\"https:\/\/www.efigas.com.co\/ef_resources\/2024\/12\/La-llama-de-la-alegria-2.jpeg\",\"contentUrl\":\"https:\/\/www.efigas.com.co\/ef_resources\/2024\/12\/La-llama-de-la-alegria-2.jpeg\",\"width\":1600,\"height\":1066},{\"@type\":\"BreadcrumbList\",\"@id\":\"https:\/\/www.efigas.com.co\/2024\/12\/30\/ministerio-de-minas-y-energia-y-efigas-celebran-la-conexion-de-7-644-hogares-al-gas-natural-en-el-eje-cafetero-un-sueno-hecho-realidad\/#breadcrumb\",\"itemListElement\":[{\"@type\":\"ListItem\",\"position\":1,\"name\":\"Inicio\",\"item\":\"https:\/\/www.efigas.com.co\/\"},{\"@type\":\"ListItem\",\"position\":2,\"name\":\"Noticias Efigas\",\"item\":\"https:\/\/www.efigas.com.co\/seccion\/noticias-efigas\/\"},{\"@type\":\"ListItem\",\"position\":3,\"name\":\"Destacados\",\"item\":\"https:\/\/www.efigas.com.co\/seccion\/noticias-efigas\/destacados\/\"},{\"@type\":\"ListItem\",\"position\":4,\"name\":\"Ministerio de Minas y Energ\u00eda y Efigas celebran la conexi\u00f3n de 7.644 hogares al gas natural en el Eje Cafetero: Un sue\u00f1o hecho realidad\"}]},{\"@type\":\"WebSite\",\"@id\":\"https:\/\/www.efigas.com.co\/#website\",\"url\":\"https:\/\/www.efigas.com.co\/\",\"name\":\"Efigas S.A. E.S.P.\",\"description\":\"Distribuidora de gas natural en el eje cafetero, Caldas, Quind\u00edo, Risaralda, servicio de   instalaci\u00f3n y reparaci\u00f3n de estufas de gas, cambio de   medidores de gas   natural, construcci\u00f3n de redes de gas natural, servicio de instalaci\u00f3n y reparaci\u00f3n de   calentadores de gas, servicio de Revisi\u00f3n T\u00e9cnica Reglamentaria.\",\"publisher\":{\"@id\":\"https:\/\/www.efigas.com.co\/#organization\"},\"alternateName\":\"Efigas\",\"potentialAction\":[{\"@type\":\"SearchAction\",\"target\":{\"@type\":\"EntryPoint\",\"urlTemplate\":\"https:\/\/www.efigas.com.co\/?s={search_term_string}\"},\"query-input\":{\"@type\":\"PropertyValueSpecification\",\"valueRequired\":true,\"valueName\":\"search_term_string\"}}],\"inLanguage\":\"es\"},{\"@type\":\"Organization\",\"@id\":\"https:\/\/www.efigas.com.co\/#organization\",\"name\":\"Efigas S.A. E.S.P.\",\"alternateName\":\"Efigas\",\"url\":\"https:\/\/www.efigas.com.co\/\",\"logo\":{\"@type\":\"ImageObject\",\"inLanguage\":\"es\",\"@id\":\"https:\/\/www.efigas.com.co\/#\/schema\/logo\/image\/\",\"url\":\"https:\/\/www.efigas.com.co\/ef_resources\/2023\/12\/logo-efigas-negativo.svg\",\"contentUrl\":\"https:\/\/www.efigas.com.co\/ef_resources\/2023\/12\/logo-efigas-negativo.svg\",\"width\":225,\"height\":123,\"caption\":\"Efigas S.A. E.S.P.\"},\"image\":{\"@id\":\"https:\/\/www.efigas.com.co\/#\/schema\/logo\/image\/\"},\"sameAs\":[\"https:\/\/www.facebook.com\/efigasoficial\/\",\"https:\/\/x.com\/efigas_oficial\",\"https:\/\/www.linkedin.com\/company\/efigas\/\"]},{\"@type\":\"Person\",\"@id\":\"https:\/\/www.efigas.com.co\/#\/schema\/person\/bc119ee7cd1c767439d0d6613cab6a52\",\"name\":\"Efigas Ah\u00ed Siempre\",\"image\":{\"@type\":\"ImageObject\",\"inLanguage\":\"es\",\"@id\":\"https:\/\/www.efigas.com.co\/#\/schema\/person\/image\/\",\"url\":\"https:\/\/secure.gravatar.com\/avatar\/e0f36e0c8d0e1188dd603970371ff0ff?s=96&d=mm&r=g\",\"contentUrl\":\"https:\/\/secure.gravatar.com\/avatar\/e0f36e0c8d0e1188dd603970371ff0ff?s=96&d=mm&r=g\",\"caption\":\"Efigas Ah\u00ed Siempre\"},\"url\":\"https:\/\/www.efigas.com.co\/editor\/efieditor\/\"}]}<\/script>\n","yoast_head_json":{"title":"Ministerio de Minas y Energ\u00eda y Efigas celebran la conexi\u00f3n de 7.644 hogares al gas natural en el Eje Cafetero: Un sue\u00f1o hecho realidad - Efigas S.A. E.S.P.","robots":{"index":"index","follow":"follow","max-snippet":"max-snippet:-1","max-image-preview":"max-image-preview:large","max-video-preview":"max-video-preview:-1"},"canonical":"https:\/\/www.efigas.com.co\/2024\/12\/30\/ministerio-de-minas-y-energia-y-efigas-celebran-la-conexion-de-7-644-hogares-al-gas-natural-en-el-eje-cafetero-un-sueno-hecho-realidad\/","og_locale":"es_ES","og_type":"article","og_title":"Ministerio de Minas y Energ\u00eda y Efigas celebran la conexi\u00f3n de 7.644 hogares al gas natural en el Eje Cafetero: Un sue\u00f1o hecho realidad - Efigas S.A. E.S.P.","og_description":"Efigas anuncia la conexi\u00f3n exitosa de 7.644 hogares en 32 municipios del Eje Cafetero al gas natural, gracias al convenio con el Ministerio de Minas y Energ\u00eda, en un logro que mejora el acceso de familias de estratos 1 y 2 de la regi\u00f3n a energ\u00edas limpias y asequibles; lo que representa un hito tanto [&hellip;]","og_url":"https:\/\/www.efigas.com.co\/2024\/12\/30\/ministerio-de-minas-y-energia-y-efigas-celebran-la-conexion-de-7-644-hogares-al-gas-natural-en-el-eje-cafetero-un-sueno-hecho-realidad\/","og_site_name":"Efigas S.A. E.S.P.","article_publisher":"https:\/\/www.facebook.com\/efigasoficial\/","article_published_time":"2024-12-30T15:27:40+00:00","article_modified_time":"2024-12-30T15:27:42+00:00","og_image":[{"width":1600,"height":1066,"url":"https:\/\/www.efigas.com.co\/ef_resources\/2024\/12\/La-llama-de-la-alegria-2.jpeg","type":"image\/jpeg"}],"author":"Efigas Ah\u00ed Siempre","twitter_card":"summary_large_image","twitter_creator":"@efigas_oficial","twitter_site":"@efigas_oficial","schema":{"@context":"https:\/\/schema.org","@graph":[{"@type":"Article","@id":"https:\/\/www.efigas.com.co\/2024\/12\/30\/ministerio-de-minas-y-energia-y-efigas-celebran-la-conexion-de-7-644-hogares-al-gas-natural-en-el-eje-cafetero-un-sueno-hecho-realidad\/#article","isPartOf":{"@id":"https:\/\/www.efigas.com.co\/2024\/12\/30\/ministerio-de-minas-y-energia-y-efigas-celebran-la-conexion-de-7-644-hogares-al-gas-natural-en-el-eje-cafetero-un-sueno-hecho-realidad\/"},"author":{"name":"Efigas Ah\u00ed Siempre","@id":"https:\/\/www.efigas.com.co\/#\/schema\/person\/bc119ee7cd1c767439d0d6613cab6a52"},"headline":"Ministerio de Minas y Energ\u00eda y Efigas celebran la conexi\u00f3n de 7.644 hogares al gas natural en el Eje Cafetero: Un sue\u00f1o hecho realidad","datePublished":"2024-12-30T15:27:40+00:00","dateModified":"2024-12-30T15:27:42+00:00","mainEntityOfPage":{"@id":"https:\/\/www.efigas.com.co\/2024\/12\/30\/ministerio-de-minas-y-energia-y-efigas-celebran-la-conexion-de-7-644-hogares-al-gas-natural-en-el-eje-cafetero-un-sueno-hecho-realidad\/"},"wordCount":383,"commentCount":0,"publisher":{"@id":"https:\/\/www.efigas.com.co\/#organization"},"image":{"@id":"https:\/\/www.efigas.com.co\/2024\/12\/30\/ministerio-de-minas-y-energia-y-efigas-celebran-la-conexion-de-7-644-hogares-al-gas-natural-en-el-eje-cafetero-un-sueno-hecho-realidad\/#primaryimage"},"thumbnailUrl":"https:\/\/www.efigas.com.co\/ef_resources\/2024\/12\/La-llama-de-la-alegria-2.jpeg","keywords":["Efigas","eje cafetero","gas natural","Gasodom\u00e9sticos"],"articleSection":["Destacados","Noticias Efigas"],"inLanguage":"es","potentialAction":[{"@type":"CommentAction","name":"Comment","target":["https:\/\/www.efigas.com.co\/2024\/12\/30\/ministerio-de-minas-y-energia-y-efigas-celebran-la-conexion-de-7-644-hogares-al-gas-natural-en-el-eje-cafetero-un-sueno-hecho-realidad\/#respond"]}]},{"@type":"WebPage","@id":"https:\/\/www.efigas.com.co\/2024\/12\/30\/ministerio-de-minas-y-energia-y-efigas-celebran-la-conexion-de-7-644-hogares-al-gas-natural-en-el-eje-cafetero-un-sueno-hecho-realidad\/","url":"https:\/\/www.efigas.com.co\/2024\/12\/30\/ministerio-de-minas-y-energia-y-efigas-celebran-la-conexion-de-7-644-hogares-al-gas-natural-en-el-eje-cafetero-un-sueno-hecho-realidad\/","name":"Ministerio de Minas y Energ\u00eda y Efigas celebran la conexi\u00f3n de 7.644 hogares al gas natural en el Eje Cafetero: Un sue\u00f1o hecho realidad - Efigas S.A. E.S.P.","isPartOf":{"@id":"https:\/\/www.efigas.com.co\/#website"},"primaryImageOfPage":{"@id":"https:\/\/www.efigas.com.co\/2024\/12\/30\/ministerio-de-minas-y-energia-y-efigas-celebran-la-conexion-de-7-644-hogares-al-gas-natural-en-el-eje-cafetero-un-sueno-hecho-realidad\/#primaryimage"},"image":{"@id":"https:\/\/www.efigas.com.co\/2024\/12\/30\/ministerio-de-minas-y-energia-y-efigas-celebran-la-conexion-de-7-644-hogares-al-gas-natural-en-el-eje-cafetero-un-sueno-hecho-realidad\/#primaryimage"},"thumbnailUrl":"https:\/\/www.efigas.com.co\/ef_resources\/2024\/12\/La-llama-de-la-alegria-2.jpeg","datePublished":"2024-12-30T15:27:40+00:00","dateModified":"2024-12-30T15:27:42+00:00","breadcrumb":{"@id":"https:\/\/www.efigas.com.co\/2024\/12\/30\/ministerio-de-minas-y-energia-y-efigas-celebran-la-conexion-de-7-644-hogares-al-gas-natural-en-el-eje-cafetero-un-sueno-hecho-realidad\/#breadcrumb"},"inLanguage":"es","potentialAction":[{"@type":"ReadAction","target":["https:\/\/www.efigas.com.co\/2024\/12\/30\/ministerio-de-minas-y-energia-y-efigas-celebran-la-conexion-de-7-644-hogares-al-gas-natural-en-el-eje-cafetero-un-sueno-hecho-realidad\/"]}]},{"@type":"ImageObject","inLanguage":"es","@id":"https:\/\/www.efigas.com.co\/2024\/12\/30\/ministerio-de-minas-y-energia-y-efigas-celebran-la-conexion-de-7-644-hogares-al-gas-natural-en-el-eje-cafetero-un-sueno-hecho-realidad\/#primaryimage","url":"https:\/\/www.efigas.com.co\/ef_resources\/2024\/12\/La-llama-de-la-alegria-2.jpeg","contentUrl":"https:\/\/www.efigas.com.co\/ef_resources\/2024\/12\/La-llama-de-la-alegria-2.jpeg","width":1600,"height":1066},{"@type":"BreadcrumbList","@id":"https:\/\/www.efigas.com.co\/2024\/12\/30\/ministerio-de-minas-y-energia-y-efigas-celebran-la-conexion-de-7-644-hogares-al-gas-natural-en-el-eje-cafetero-un-sueno-hecho-realidad\/#breadcrumb","itemListElement":[{"@type":"ListItem","position":1,"name":"Inicio","item":"https:\/\/www.efigas.com.co\/"},{"@type":"ListItem","position":2,"name":"Noticias Efigas","item":"https:\/\/www.efigas.com.co\/seccion\/noticias-efigas\/"},{"@type":"ListItem","position":3,"name":"Destacados","item":"https:\/\/www.efigas.com.co\/seccion\/noticias-efigas\/destacados\/"},{"@type":"ListItem","position":4,"name":"Ministerio de Minas y Energ\u00eda y Efigas celebran la conexi\u00f3n de 7.644 hogares al gas natural en el Eje Cafetero: Un sue\u00f1o hecho realidad"}]},{"@type":"WebSite","@id":"https:\/\/www.efigas.com.co\/#website","url":"https:\/\/www.efigas.com.co\/","name":"Efigas S.A. E.S.P.","description":"Distribuidora de gas natural en el eje cafetero, Caldas, Quind\u00edo, Risaralda, servicio de   instalaci\u00f3n y reparaci\u00f3n de estufas de gas, cambio de   medidores de gas   natural, construcci\u00f3n de redes de gas natural, servicio de instalaci\u00f3n y reparaci\u00f3n de   calentadores de gas, servicio de Revisi\u00f3n T\u00e9cnica Reglamentaria.","publisher":{"@id":"https:\/\/www.efigas.com.co\/#organization"},"alternateName":"Efigas","potentialAction":[{"@type":"SearchAction","target":{"@type":"EntryPoint","urlTemplate":"https:\/\/www.efigas.com.co\/?s={search_term_string}"},"query-input":{"@type":"PropertyValueSpecification","valueRequired":true,"valueName":"search_term_string"}}],"inLanguage":"es"},{"@type":"Organization","@id":"https:\/\/www.efigas.com.co\/#organization","name":"Efigas S.A. E.S.P.","alternateName":"Efigas","url":"https:\/\/www.efigas.com.co\/","logo":{"@type":"ImageObject","inLanguage":"es","@id":"https:\/\/www.efigas.com.co\/#\/schema\/logo\/image\/","url":"https:\/\/www.efigas.com.co\/ef_resources\/2023\/12\/logo-efigas-negativo.svg","contentUrl":"https:\/\/www.efigas.com.co\/ef_resources\/2023\/12\/logo-efigas-negativo.svg","width":225,"height":123,"caption":"Efigas S.A. E.S.P."},"image":{"@id":"https:\/\/www.efigas.com.co\/#\/schema\/logo\/image\/"},"sameAs":["https:\/\/www.facebook.com\/efigasoficial\/","https:\/\/x.com\/efigas_oficial","https:\/\/www.linkedin.com\/company\/efigas\/"]},{"@type":"Person","@id":"https:\/\/www.efigas.com.co\/#\/schema\/person\/bc119ee7cd1c767439d0d6613cab6a52","name":"Efigas Ah\u00ed Siempre","image":{"@type":"ImageObject","inLanguage":"es","@id":"https:\/\/www.efigas.com.co\/#\/schema\/person\/image\/","url":"https:\/\/secure.gravatar.com\/avatar\/e0f36e0c8d0e1188dd603970371ff0ff?s=96&d=mm&r=g","contentUrl":"https:\/\/secure.gravatar.com\/avatar\/e0f36e0c8d0e1188dd603970371ff0ff?s=96&d=mm&r=g","caption":"Efigas Ah\u00ed Siempre"},"url":"https:\/\/www.efigas.com.co\/editor\/efieditor\/"}]}},"_links":{"self":[{"href":"https:\/\/www.efigas.com.co\/efi-json\/wp\/v2\/posts\/8225","targetHints":{"allow":["GET"]}}],"collection":[{"href":"https:\/\/www.efigas.com.co\/efi-json\/wp\/v2\/posts"}],"about":[{"href":"https:\/\/www.efigas.com.co\/efi-json\/wp\/v2\/types\/post"}],"author":[{"embeddable":true,"href":"https:\/\/www.efigas.com.co\/efi-json\/wp\/v2\/users\/5"}],"replies":[{"embeddable":true,"href":"https:\/\/www.efigas.com.co\/efi-json\/wp\/v2\/comments?post=8225"}],"version-history":[{"count":1,"href":"https:\/\/www.efigas.com.co\/efi-json\/wp\/v2\/posts\/8225\/revisions"}],"predecessor-version":[{"id":8227,"href":"https:\/\/www.efigas.com.co\/efi-json\/wp\/v2\/posts\/8225\/revisions\/8227"}],"wp:featuredmedia":[{"embeddable":true,"href":"https:\/\/www.efigas.com.co\/efi-json\/wp\/v2\/media\/8226"}],"wp:attachment":[{"href":"https:\/\/www.efigas.com.co\/efi-json\/wp\/v2\/media?parent=8225"}],"wp:term":[{"taxonomy":"category","embeddable":true,"href":"https:\/\/www.efigas.com.co\/efi-json\/wp\/v2\/categories?post=8225"},{"taxonomy":"post_tag","embeddable":true,"href":"https:\/\/www.efigas.com.co\/efi-json\/wp\/v2\/tags?post=8225"}],"curies":[{"name":"wp","href":"https:\/\/api.w.org\/{rel}","templated":true}]}}