{"id":8807,"date":"2025-02-14T09:52:06","date_gmt":"2025-02-14T14:52:06","guid":{"rendered":"https:\/\/www.efigas.com.co\/?p=8807"},"modified":"2025-02-14T09:52:08","modified_gmt":"2025-02-14T14:52:08","slug":"por-obras-para-realineacion-de-la-tuberia-y-permitir-trabajos-de-interseccion-vial-se-realizara-un-mantenimiento-programado-a-la-infraestructura-que-podra-ocasionar-intermitencias-del-servicio-en-alg","status":"publish","type":"post","link":"https:\/\/www.efigas.com.co\/2025\/02\/14\/por-obras-para-realineacion-de-la-tuberia-y-permitir-trabajos-de-interseccion-vial-se-realizara-un-mantenimiento-programado-a-la-infraestructura-que-podra-ocasionar-intermitencias-del-servicio-en-alg\/","title":{"rendered":"Por obras para realineaci\u00f3n de la tuber\u00eda y permitir trabajos de intersecci\u00f3n vial, se realizar\u00e1 un mantenimiento programado a la infraestructura que podr\u00e1 ocasionar intermitencias del servicio en algunos sectores de Pereira"},"content":{"rendered":"\n<p><strong>Efigas Gas Natural S.A. E.S.P.<\/strong> informa que el pr\u00f3ximo martes 18 de febrero de 2025, desde las 11:00 a.m. hasta las 6:00 a.m. del mi\u00e9rcoles 19 de febrero, se presentar\u00e1 un mantenimiento programado que podr\u00eda generar intermitencias del servicio, presiones de operaci\u00f3n bajas o interrupciones de gas natural en los sectores de Cerritos &#8211; Puerto Caldas, Cerritos &#8211; Caimalito, Galicia, Club campestre y condominios de la zona. Esta actividad tiene el prop\u00f3sito de ejecutar obras que permitan avanzar en la construcci\u00f3n de la intersecci\u00f3n Galicia, en el marco del proyecto V\u00edas del Sam\u00e1n.<\/p>\n\n\n\n<p>Si bien las obras que se realizar\u00e1n podr\u00edan generar la interrupci\u00f3n del servicio, la Compa\u00f1\u00eda implementar\u00e1 acciones t\u00e9cnicas que procuren sola una baja en la presi\u00f3n del energ\u00e9tico, m\u00e1s no la ausencia total del servicio durante ese lapso.<\/p>\n\n\n\n<p>Se recuerdan las medidas de seguridad como mantener cerradas las llaves de los gasodom\u00e9sticos y ante una emergencia contactarse a la l\u00ednea 164. <\/p>\n\n\n\n<p><strong>Efigas impulsa el desarrollo del territorio.<\/strong><\/p>\n\n\n\n<p>Oficina de Comunicaciones <a href=\"mailto:comunicacionescoporativas@efigas.com.co\">comunicacionescoporativas@efigas.com.co<\/a><\/p>\n","protected":false},"excerpt":{"rendered":"<p>Efigas Gas Natural S.A. E.S.P. informa que el pr\u00f3ximo martes 18 de febrero de 2025, desde las 11:00 a.m. hasta las 6:00 a.m. del mi\u00e9rcoles 19 de febrero, se presentar\u00e1 un mantenimiento programado que podr\u00eda generar intermitencias del servicio, presiones de operaci\u00f3n bajas o interrupciones de gas natural en los sectores de Cerritos &#8211; Puerto [&hellip;]<\/p>\n","protected":false},"author":6,"featured_media":8027,"comment_status":"open","ping_status":"closed","sticky":false,"template":"","format":"standard","meta":{"inline_featured_image":false,"footnotes":""},"categories":[82,67,70],"tags":[31,93,23,35],"class_list":["post-8807","post","type-post","status-publish","format-standard","has-post-thumbnail","hentry","category-destacados","category-noticias-efigas","category-suspensiones-programadas","tag-efigas","tag-eje-cafetero","tag-gas-natural","tag-instalaciones"],"yoast_head":"\n<title>Por obras para realineaci\u00f3n de la tuber\u00eda y permitir trabajos de intersecci\u00f3n vial, se realizar\u00e1 un mantenimiento programado a la infraestructura que podr\u00e1 ocasionar intermitencias del servicio en algunos sectores de Pereira - Efigas S.A. E.S.P.<\/title>\n<meta name=\"robots\" content=\"index, follow, max-snippet:-1, max-image-preview:large, max-video-preview:-1\" \/>\n<link rel=\"canonical\" href=\"https:\/\/www.efigas.com.co\/2025\/02\/14\/por-obras-para-realineacion-de-la-tuberia-y-permitir-trabajos-de-interseccion-vial-se-realizara-un-mantenimiento-programado-a-la-infraestructura-que-podra-ocasionar-intermitencias-del-servicio-en-alg\/\" \/>\n<meta property=\"og:locale\" content=\"es_ES\" \/>\n<meta property=\"og:type\" content=\"article\" \/>\n<meta property=\"og:title\" content=\"Por obras para realineaci\u00f3n de la tuber\u00eda y permitir trabajos de intersecci\u00f3n vial, se realizar\u00e1 un mantenimiento programado a la infraestructura que podr\u00e1 ocasionar intermitencias del servicio en algunos sectores de Pereira - Efigas S.A. E.S.P.\" \/>\n<meta property=\"og:description\" content=\"Efigas Gas Natural S.A. E.S.P. informa que el pr\u00f3ximo martes 18 de febrero de 2025, desde las 11:00 a.m. hasta las 6:00 a.m. del mi\u00e9rcoles 19 de febrero, se presentar\u00e1 un mantenimiento programado que podr\u00eda generar intermitencias del servicio, presiones de operaci\u00f3n bajas o interrupciones de gas natural en los sectores de Cerritos &#8211; Puerto [&hellip;]\" \/>\n<meta property=\"og:url\" content=\"https:\/\/www.efigas.com.co\/2025\/02\/14\/por-obras-para-realineacion-de-la-tuberia-y-permitir-trabajos-de-interseccion-vial-se-realizara-un-mantenimiento-programado-a-la-infraestructura-que-podra-ocasionar-intermitencias-del-servicio-en-alg\/\" \/>\n<meta property=\"og:site_name\" content=\"Efigas S.A. E.S.P.\" \/>\n<meta property=\"article:publisher\" content=\"https:\/\/www.facebook.com\/efigasoficial\/\" \/>\n<meta property=\"article:published_time\" content=\"2025-02-14T14:52:06+00:00\" \/>\n<meta property=\"article:modified_time\" content=\"2025-02-14T14:52:08+00:00\" \/>\n<meta property=\"og:image\" content=\"https:\/\/www.efigas.com.co\/ef_resources\/2024\/12\/OPERARIOSCAMPO2022_EFIGAS_0011-scaled.jpg\" \/>\n\t<meta property=\"og:image:width\" content=\"2560\" \/>\n\t<meta property=\"og:image:height\" content=\"1707\" \/>\n\t<meta property=\"og:image:type\" content=\"image\/jpeg\" \/>\n<meta name=\"author\" content=\"Efigas Ah\u00ed siempre\" \/>\n<meta name=\"twitter:card\" content=\"summary_large_image\" \/>\n<meta name=\"twitter:creator\" content=\"@efigas_oficial\" \/>\n<meta name=\"twitter:site\" content=\"@efigas_oficial\" \/>\n<script type=\"application\/ld+json\" class=\"efiseo-schema-graph\">{\"@context\":\"https:\/\/schema.org\",\"@graph\":[{\"@type\":\"Article\",\"@id\":\"https:\/\/www.efigas.com.co\/2025\/02\/14\/por-obras-para-realineacion-de-la-tuberia-y-permitir-trabajos-de-interseccion-vial-se-realizara-un-mantenimiento-programado-a-la-infraestructura-que-podra-ocasionar-intermitencias-del-servicio-en-alg\/#article\",\"isPartOf\":{\"@id\":\"https:\/\/www.efigas.com.co\/2025\/02\/14\/por-obras-para-realineacion-de-la-tuberia-y-permitir-trabajos-de-interseccion-vial-se-realizara-un-mantenimiento-programado-a-la-infraestructura-que-podra-ocasionar-intermitencias-del-servicio-en-alg\/\"},\"author\":{\"name\":\"Efigas Ah\u00ed siempre\",\"@id\":\"https:\/\/www.efigas.com.co\/#\/schema\/person\/03d51ea9c0f69e80b0c1a50ba0b7d4cb\"},\"headline\":\"Por obras para realineaci\u00f3n de la tuber\u00eda y permitir trabajos de intersecci\u00f3n vial, se realizar\u00e1 un mantenimiento programado a la infraestructura que podr\u00e1 ocasionar intermitencias del servicio en algunos sectores de Pereira\",\"datePublished\":\"2025-02-14T14:52:06+00:00\",\"dateModified\":\"2025-02-14T14:52:08+00:00\",\"mainEntityOfPage\":{\"@id\":\"https:\/\/www.efigas.com.co\/2025\/02\/14\/por-obras-para-realineacion-de-la-tuberia-y-permitir-trabajos-de-interseccion-vial-se-realizara-un-mantenimiento-programado-a-la-infraestructura-que-podra-ocasionar-intermitencias-del-servicio-en-alg\/\"},\"wordCount\":220,\"commentCount\":0,\"publisher\":{\"@id\":\"https:\/\/www.efigas.com.co\/#organization\"},\"image\":{\"@id\":\"https:\/\/www.efigas.com.co\/2025\/02\/14\/por-obras-para-realineacion-de-la-tuberia-y-permitir-trabajos-de-interseccion-vial-se-realizara-un-mantenimiento-programado-a-la-infraestructura-que-podra-ocasionar-intermitencias-del-servicio-en-alg\/#primaryimage\"},\"thumbnailUrl\":\"https:\/\/www.efigas.com.co\/ef_resources\/2024\/12\/OPERARIOSCAMPO2022_EFIGAS_0011-scaled.jpg\",\"keywords\":[\"Efigas\",\"eje cafetero\",\"gas natural\",\"Instalaciones\"],\"articleSection\":[\"Destacados\",\"Noticias Efigas\",\"Suspensiones programadas\"],\"inLanguage\":\"es\",\"potentialAction\":[{\"@type\":\"CommentAction\",\"name\":\"Comment\",\"target\":[\"https:\/\/www.efigas.com.co\/2025\/02\/14\/por-obras-para-realineacion-de-la-tuberia-y-permitir-trabajos-de-interseccion-vial-se-realizara-un-mantenimiento-programado-a-la-infraestructura-que-podra-ocasionar-intermitencias-del-servicio-en-alg\/#respond\"]}]},{\"@type\":\"WebPage\",\"@id\":\"https:\/\/www.efigas.com.co\/2025\/02\/14\/por-obras-para-realineacion-de-la-tuberia-y-permitir-trabajos-de-interseccion-vial-se-realizara-un-mantenimiento-programado-a-la-infraestructura-que-podra-ocasionar-intermitencias-del-servicio-en-alg\/\",\"url\":\"https:\/\/www.efigas.com.co\/2025\/02\/14\/por-obras-para-realineacion-de-la-tuberia-y-permitir-trabajos-de-interseccion-vial-se-realizara-un-mantenimiento-programado-a-la-infraestructura-que-podra-ocasionar-intermitencias-del-servicio-en-alg\/\",\"name\":\"Por obras para realineaci\u00f3n de la tuber\u00eda y permitir trabajos de intersecci\u00f3n vial, se realizar\u00e1 un mantenimiento programado a la infraestructura que podr\u00e1 ocasionar intermitencias del servicio en algunos sectores de Pereira - Efigas S.A. E.S.P.\",\"isPartOf\":{\"@id\":\"https:\/\/www.efigas.com.co\/#website\"},\"primaryImageOfPage\":{\"@id\":\"https:\/\/www.efigas.com.co\/2025\/02\/14\/por-obras-para-realineacion-de-la-tuberia-y-permitir-trabajos-de-interseccion-vial-se-realizara-un-mantenimiento-programado-a-la-infraestructura-que-podra-ocasionar-intermitencias-del-servicio-en-alg\/#primaryimage\"},\"image\":{\"@id\":\"https:\/\/www.efigas.com.co\/2025\/02\/14\/por-obras-para-realineacion-de-la-tuberia-y-permitir-trabajos-de-interseccion-vial-se-realizara-un-mantenimiento-programado-a-la-infraestructura-que-podra-ocasionar-intermitencias-del-servicio-en-alg\/#primaryimage\"},\"thumbnailUrl\":\"https:\/\/www.efigas.com.co\/ef_resources\/2024\/12\/OPERARIOSCAMPO2022_EFIGAS_0011-scaled.jpg\",\"datePublished\":\"2025-02-14T14:52:06+00:00\",\"dateModified\":\"2025-02-14T14:52:08+00:00\",\"breadcrumb\":{\"@id\":\"https:\/\/www.efigas.com.co\/2025\/02\/14\/por-obras-para-realineacion-de-la-tuberia-y-permitir-trabajos-de-interseccion-vial-se-realizara-un-mantenimiento-programado-a-la-infraestructura-que-podra-ocasionar-intermitencias-del-servicio-en-alg\/#breadcrumb\"},\"inLanguage\":\"es\",\"potentialAction\":[{\"@type\":\"ReadAction\",\"target\":[\"https:\/\/www.efigas.com.co\/2025\/02\/14\/por-obras-para-realineacion-de-la-tuberia-y-permitir-trabajos-de-interseccion-vial-se-realizara-un-mantenimiento-programado-a-la-infraestructura-que-podra-ocasionar-intermitencias-del-servicio-en-alg\/\"]}]},{\"@type\":\"ImageObject\",\"inLanguage\":\"es\",\"@id\":\"https:\/\/www.efigas.com.co\/2025\/02\/14\/por-obras-para-realineacion-de-la-tuberia-y-permitir-trabajos-de-interseccion-vial-se-realizara-un-mantenimiento-programado-a-la-infraestructura-que-podra-ocasionar-intermitencias-del-servicio-en-alg\/#primaryimage\",\"url\":\"https:\/\/www.efigas.com.co\/ef_resources\/2024\/12\/OPERARIOSCAMPO2022_EFIGAS_0011-scaled.jpg\",\"contentUrl\":\"https:\/\/www.efigas.com.co\/ef_resources\/2024\/12\/OPERARIOSCAMPO2022_EFIGAS_0011-scaled.jpg\",\"width\":2560,\"height\":1707},{\"@type\":\"BreadcrumbList\",\"@id\":\"https:\/\/www.efigas.com.co\/2025\/02\/14\/por-obras-para-realineacion-de-la-tuberia-y-permitir-trabajos-de-interseccion-vial-se-realizara-un-mantenimiento-programado-a-la-infraestructura-que-podra-ocasionar-intermitencias-del-servicio-en-alg\/#breadcrumb\",\"itemListElement\":[{\"@type\":\"ListItem\",\"position\":1,\"name\":\"Inicio\",\"item\":\"https:\/\/www.efigas.com.co\/\"},{\"@type\":\"ListItem\",\"position\":2,\"name\":\"Noticias Efigas\",\"item\":\"https:\/\/www.efigas.com.co\/seccion\/noticias-efigas\/\"},{\"@type\":\"ListItem\",\"position\":3,\"name\":\"Destacados\",\"item\":\"https:\/\/www.efigas.com.co\/seccion\/noticias-efigas\/destacados\/\"},{\"@type\":\"ListItem\",\"position\":4,\"name\":\"Por obras para realineaci\u00f3n de la tuber\u00eda y permitir trabajos de intersecci\u00f3n vial, se realizar\u00e1 un mantenimiento programado a la infraestructura que podr\u00e1 ocasionar intermitencias del servicio en algunos sectores de Pereira\"}]},{\"@type\":\"WebSite\",\"@id\":\"https:\/\/www.efigas.com.co\/#website\",\"url\":\"https:\/\/www.efigas.com.co\/\",\"name\":\"Efigas S.A. E.S.P.\",\"description\":\"Distribuidora de gas natural en el eje cafetero, Caldas, Quind\u00edo, Risaralda, servicio de   instalaci\u00f3n y reparaci\u00f3n de estufas de gas, cambio de   medidores de gas   natural, construcci\u00f3n de redes de gas natural, servicio de instalaci\u00f3n y reparaci\u00f3n de   calentadores de gas, servicio de Revisi\u00f3n T\u00e9cnica Reglamentaria.\",\"publisher\":{\"@id\":\"https:\/\/www.efigas.com.co\/#organization\"},\"alternateName\":\"Efigas\",\"potentialAction\":[{\"@type\":\"SearchAction\",\"target\":{\"@type\":\"EntryPoint\",\"urlTemplate\":\"https:\/\/www.efigas.com.co\/?s={search_term_string}\"},\"query-input\":{\"@type\":\"PropertyValueSpecification\",\"valueRequired\":true,\"valueName\":\"search_term_string\"}}],\"inLanguage\":\"es\"},{\"@type\":\"Organization\",\"@id\":\"https:\/\/www.efigas.com.co\/#organization\",\"name\":\"Efigas S.A. E.S.P.\",\"alternateName\":\"Efigas\",\"url\":\"https:\/\/www.efigas.com.co\/\",\"logo\":{\"@type\":\"ImageObject\",\"inLanguage\":\"es\",\"@id\":\"https:\/\/www.efigas.com.co\/#\/schema\/logo\/image\/\",\"url\":\"https:\/\/www.efigas.com.co\/ef_resources\/2023\/12\/logo-efigas-negativo.svg\",\"contentUrl\":\"https:\/\/www.efigas.com.co\/ef_resources\/2023\/12\/logo-efigas-negativo.svg\",\"width\":225,\"height\":123,\"caption\":\"Efigas S.A. E.S.P.\"},\"image\":{\"@id\":\"https:\/\/www.efigas.com.co\/#\/schema\/logo\/image\/\"},\"sameAs\":[\"https:\/\/www.facebook.com\/efigasoficial\/\",\"https:\/\/x.com\/efigas_oficial\",\"https:\/\/www.linkedin.com\/company\/efigas\/\"]},{\"@type\":\"Person\",\"@id\":\"https:\/\/www.efigas.com.co\/#\/schema\/person\/03d51ea9c0f69e80b0c1a50ba0b7d4cb\",\"name\":\"Efigas Ah\u00ed siempre\",\"image\":{\"@type\":\"ImageObject\",\"inLanguage\":\"es\",\"@id\":\"https:\/\/www.efigas.com.co\/#\/schema\/person\/image\/\",\"url\":\"https:\/\/secure.gravatar.com\/avatar\/447b33798c4fb40bd5e056ab68bb1fa8?s=96&d=mm&r=g\",\"contentUrl\":\"https:\/\/secure.gravatar.com\/avatar\/447b33798c4fb40bd5e056ab68bb1fa8?s=96&d=mm&r=g\",\"caption\":\"Efigas Ah\u00ed siempre\"},\"url\":\"https:\/\/www.efigas.com.co\/editor\/efipost\/\"}]}<\/script>\n","yoast_head_json":{"title":"Por obras para realineaci\u00f3n de la tuber\u00eda y permitir trabajos de intersecci\u00f3n vial, se realizar\u00e1 un mantenimiento programado a la infraestructura que podr\u00e1 ocasionar intermitencias del servicio en algunos sectores de Pereira - Efigas S.A. E.S.P.","robots":{"index":"index","follow":"follow","max-snippet":"max-snippet:-1","max-image-preview":"max-image-preview:large","max-video-preview":"max-video-preview:-1"},"canonical":"https:\/\/www.efigas.com.co\/2025\/02\/14\/por-obras-para-realineacion-de-la-tuberia-y-permitir-trabajos-de-interseccion-vial-se-realizara-un-mantenimiento-programado-a-la-infraestructura-que-podra-ocasionar-intermitencias-del-servicio-en-alg\/","og_locale":"es_ES","og_type":"article","og_title":"Por obras para realineaci\u00f3n de la tuber\u00eda y permitir trabajos de intersecci\u00f3n vial, se realizar\u00e1 un mantenimiento programado a la infraestructura que podr\u00e1 ocasionar intermitencias del servicio en algunos sectores de Pereira - Efigas S.A. E.S.P.","og_description":"Efigas Gas Natural S.A. E.S.P. informa que el pr\u00f3ximo martes 18 de febrero de 2025, desde las 11:00 a.m. hasta las 6:00 a.m. del mi\u00e9rcoles 19 de febrero, se presentar\u00e1 un mantenimiento programado que podr\u00eda generar intermitencias del servicio, presiones de operaci\u00f3n bajas o interrupciones de gas natural en los sectores de Cerritos &#8211; Puerto [&hellip;]","og_url":"https:\/\/www.efigas.com.co\/2025\/02\/14\/por-obras-para-realineacion-de-la-tuberia-y-permitir-trabajos-de-interseccion-vial-se-realizara-un-mantenimiento-programado-a-la-infraestructura-que-podra-ocasionar-intermitencias-del-servicio-en-alg\/","og_site_name":"Efigas S.A. E.S.P.","article_publisher":"https:\/\/www.facebook.com\/efigasoficial\/","article_published_time":"2025-02-14T14:52:06+00:00","article_modified_time":"2025-02-14T14:52:08+00:00","og_image":[{"width":2560,"height":1707,"url":"https:\/\/www.efigas.com.co\/ef_resources\/2024\/12\/OPERARIOSCAMPO2022_EFIGAS_0011-scaled.jpg","type":"image\/jpeg"}],"author":"Efigas Ah\u00ed siempre","twitter_card":"summary_large_image","twitter_creator":"@efigas_oficial","twitter_site":"@efigas_oficial","schema":{"@context":"https:\/\/schema.org","@graph":[{"@type":"Article","@id":"https:\/\/www.efigas.com.co\/2025\/02\/14\/por-obras-para-realineacion-de-la-tuberia-y-permitir-trabajos-de-interseccion-vial-se-realizara-un-mantenimiento-programado-a-la-infraestructura-que-podra-ocasionar-intermitencias-del-servicio-en-alg\/#article","isPartOf":{"@id":"https:\/\/www.efigas.com.co\/2025\/02\/14\/por-obras-para-realineacion-de-la-tuberia-y-permitir-trabajos-de-interseccion-vial-se-realizara-un-mantenimiento-programado-a-la-infraestructura-que-podra-ocasionar-intermitencias-del-servicio-en-alg\/"},"author":{"name":"Efigas Ah\u00ed siempre","@id":"https:\/\/www.efigas.com.co\/#\/schema\/person\/03d51ea9c0f69e80b0c1a50ba0b7d4cb"},"headline":"Por obras para realineaci\u00f3n de la tuber\u00eda y permitir trabajos de intersecci\u00f3n vial, se realizar\u00e1 un mantenimiento programado a la infraestructura que podr\u00e1 ocasionar intermitencias del servicio en algunos sectores de Pereira","datePublished":"2025-02-14T14:52:06+00:00","dateModified":"2025-02-14T14:52:08+00:00","mainEntityOfPage":{"@id":"https:\/\/www.efigas.com.co\/2025\/02\/14\/por-obras-para-realineacion-de-la-tuberia-y-permitir-trabajos-de-interseccion-vial-se-realizara-un-mantenimiento-programado-a-la-infraestructura-que-podra-ocasionar-intermitencias-del-servicio-en-alg\/"},"wordCount":220,"commentCount":0,"publisher":{"@id":"https:\/\/www.efigas.com.co\/#organization"},"image":{"@id":"https:\/\/www.efigas.com.co\/2025\/02\/14\/por-obras-para-realineacion-de-la-tuberia-y-permitir-trabajos-de-interseccion-vial-se-realizara-un-mantenimiento-programado-a-la-infraestructura-que-podra-ocasionar-intermitencias-del-servicio-en-alg\/#primaryimage"},"thumbnailUrl":"https:\/\/www.efigas.com.co\/ef_resources\/2024\/12\/OPERARIOSCAMPO2022_EFIGAS_0011-scaled.jpg","keywords":["Efigas","eje cafetero","gas natural","Instalaciones"],"articleSection":["Destacados","Noticias Efigas","Suspensiones programadas"],"inLanguage":"es","potentialAction":[{"@type":"CommentAction","name":"Comment","target":["https:\/\/www.efigas.com.co\/2025\/02\/14\/por-obras-para-realineacion-de-la-tuberia-y-permitir-trabajos-de-interseccion-vial-se-realizara-un-mantenimiento-programado-a-la-infraestructura-que-podra-ocasionar-intermitencias-del-servicio-en-alg\/#respond"]}]},{"@type":"WebPage","@id":"https:\/\/www.efigas.com.co\/2025\/02\/14\/por-obras-para-realineacion-de-la-tuberia-y-permitir-trabajos-de-interseccion-vial-se-realizara-un-mantenimiento-programado-a-la-infraestructura-que-podra-ocasionar-intermitencias-del-servicio-en-alg\/","url":"https:\/\/www.efigas.com.co\/2025\/02\/14\/por-obras-para-realineacion-de-la-tuberia-y-permitir-trabajos-de-interseccion-vial-se-realizara-un-mantenimiento-programado-a-la-infraestructura-que-podra-ocasionar-intermitencias-del-servicio-en-alg\/","name":"Por obras para realineaci\u00f3n de la tuber\u00eda y permitir trabajos de intersecci\u00f3n vial, se realizar\u00e1 un mantenimiento programado a la infraestructura que podr\u00e1 ocasionar intermitencias del servicio en algunos sectores de Pereira - Efigas S.A. E.S.P.","isPartOf":{"@id":"https:\/\/www.efigas.com.co\/#website"},"primaryImageOfPage":{"@id":"https:\/\/www.efigas.com.co\/2025\/02\/14\/por-obras-para-realineacion-de-la-tuberia-y-permitir-trabajos-de-interseccion-vial-se-realizara-un-mantenimiento-programado-a-la-infraestructura-que-podra-ocasionar-intermitencias-del-servicio-en-alg\/#primaryimage"},"image":{"@id":"https:\/\/www.efigas.com.co\/2025\/02\/14\/por-obras-para-realineacion-de-la-tuberia-y-permitir-trabajos-de-interseccion-vial-se-realizara-un-mantenimiento-programado-a-la-infraestructura-que-podra-ocasionar-intermitencias-del-servicio-en-alg\/#primaryimage"},"thumbnailUrl":"https:\/\/www.efigas.com.co\/ef_resources\/2024\/12\/OPERARIOSCAMPO2022_EFIGAS_0011-scaled.jpg","datePublished":"2025-02-14T14:52:06+00:00","dateModified":"2025-02-14T14:52:08+00:00","breadcrumb":{"@id":"https:\/\/www.efigas.com.co\/2025\/02\/14\/por-obras-para-realineacion-de-la-tuberia-y-permitir-trabajos-de-interseccion-vial-se-realizara-un-mantenimiento-programado-a-la-infraestructura-que-podra-ocasionar-intermitencias-del-servicio-en-alg\/#breadcrumb"},"inLanguage":"es","potentialAction":[{"@type":"ReadAction","target":["https:\/\/www.efigas.com.co\/2025\/02\/14\/por-obras-para-realineacion-de-la-tuberia-y-permitir-trabajos-de-interseccion-vial-se-realizara-un-mantenimiento-programado-a-la-infraestructura-que-podra-ocasionar-intermitencias-del-servicio-en-alg\/"]}]},{"@type":"ImageObject","inLanguage":"es","@id":"https:\/\/www.efigas.com.co\/2025\/02\/14\/por-obras-para-realineacion-de-la-tuberia-y-permitir-trabajos-de-interseccion-vial-se-realizara-un-mantenimiento-programado-a-la-infraestructura-que-podra-ocasionar-intermitencias-del-servicio-en-alg\/#primaryimage","url":"https:\/\/www.efigas.com.co\/ef_resources\/2024\/12\/OPERARIOSCAMPO2022_EFIGAS_0011-scaled.jpg","contentUrl":"https:\/\/www.efigas.com.co\/ef_resources\/2024\/12\/OPERARIOSCAMPO2022_EFIGAS_0011-scaled.jpg","width":2560,"height":1707},{"@type":"BreadcrumbList","@id":"https:\/\/www.efigas.com.co\/2025\/02\/14\/por-obras-para-realineacion-de-la-tuberia-y-permitir-trabajos-de-interseccion-vial-se-realizara-un-mantenimiento-programado-a-la-infraestructura-que-podra-ocasionar-intermitencias-del-servicio-en-alg\/#breadcrumb","itemListElement":[{"@type":"ListItem","position":1,"name":"Inicio","item":"https:\/\/www.efigas.com.co\/"},{"@type":"ListItem","position":2,"name":"Noticias Efigas","item":"https:\/\/www.efigas.com.co\/seccion\/noticias-efigas\/"},{"@type":"ListItem","position":3,"name":"Destacados","item":"https:\/\/www.efigas.com.co\/seccion\/noticias-efigas\/destacados\/"},{"@type":"ListItem","position":4,"name":"Por obras para realineaci\u00f3n de la tuber\u00eda y permitir trabajos de intersecci\u00f3n vial, se realizar\u00e1 un mantenimiento programado a la infraestructura que podr\u00e1 ocasionar intermitencias del servicio en algunos sectores de Pereira"}]},{"@type":"WebSite","@id":"https:\/\/www.efigas.com.co\/#website","url":"https:\/\/www.efigas.com.co\/","name":"Efigas S.A. E.S.P.","description":"Distribuidora de gas natural en el eje cafetero, Caldas, Quind\u00edo, Risaralda, servicio de   instalaci\u00f3n y reparaci\u00f3n de estufas de gas, cambio de   medidores de gas   natural, construcci\u00f3n de redes de gas natural, servicio de instalaci\u00f3n y reparaci\u00f3n de   calentadores de gas, servicio de Revisi\u00f3n T\u00e9cnica Reglamentaria.","publisher":{"@id":"https:\/\/www.efigas.com.co\/#organization"},"alternateName":"Efigas","potentialAction":[{"@type":"SearchAction","target":{"@type":"EntryPoint","urlTemplate":"https:\/\/www.efigas.com.co\/?s={search_term_string}"},"query-input":{"@type":"PropertyValueSpecification","valueRequired":true,"valueName":"search_term_string"}}],"inLanguage":"es"},{"@type":"Organization","@id":"https:\/\/www.efigas.com.co\/#organization","name":"Efigas S.A. E.S.P.","alternateName":"Efigas","url":"https:\/\/www.efigas.com.co\/","logo":{"@type":"ImageObject","inLanguage":"es","@id":"https:\/\/www.efigas.com.co\/#\/schema\/logo\/image\/","url":"https:\/\/www.efigas.com.co\/ef_resources\/2023\/12\/logo-efigas-negativo.svg","contentUrl":"https:\/\/www.efigas.com.co\/ef_resources\/2023\/12\/logo-efigas-negativo.svg","width":225,"height":123,"caption":"Efigas S.A. E.S.P."},"image":{"@id":"https:\/\/www.efigas.com.co\/#\/schema\/logo\/image\/"},"sameAs":["https:\/\/www.facebook.com\/efigasoficial\/","https:\/\/x.com\/efigas_oficial","https:\/\/www.linkedin.com\/company\/efigas\/"]},{"@type":"Person","@id":"https:\/\/www.efigas.com.co\/#\/schema\/person\/03d51ea9c0f69e80b0c1a50ba0b7d4cb","name":"Efigas Ah\u00ed siempre","image":{"@type":"ImageObject","inLanguage":"es","@id":"https:\/\/www.efigas.com.co\/#\/schema\/person\/image\/","url":"https:\/\/secure.gravatar.com\/avatar\/447b33798c4fb40bd5e056ab68bb1fa8?s=96&d=mm&r=g","contentUrl":"https:\/\/secure.gravatar.com\/avatar\/447b33798c4fb40bd5e056ab68bb1fa8?s=96&d=mm&r=g","caption":"Efigas Ah\u00ed siempre"},"url":"https:\/\/www.efigas.com.co\/editor\/efipost\/"}]}},"_links":{"self":[{"href":"https:\/\/www.efigas.com.co\/efi-json\/wp\/v2\/posts\/8807","targetHints":{"allow":["GET"]}}],"collection":[{"href":"https:\/\/www.efigas.com.co\/efi-json\/wp\/v2\/posts"}],"about":[{"href":"https:\/\/www.efigas.com.co\/efi-json\/wp\/v2\/types\/post"}],"author":[{"embeddable":true,"href":"https:\/\/www.efigas.com.co\/efi-json\/wp\/v2\/users\/6"}],"replies":[{"embeddable":true,"href":"https:\/\/www.efigas.com.co\/efi-json\/wp\/v2\/comments?post=8807"}],"version-history":[{"count":1,"href":"https:\/\/www.efigas.com.co\/efi-json\/wp\/v2\/posts\/8807\/revisions"}],"predecessor-version":[{"id":8808,"href":"https:\/\/www.efigas.com.co\/efi-json\/wp\/v2\/posts\/8807\/revisions\/8808"}],"wp:featuredmedia":[{"embeddable":true,"href":"https:\/\/www.efigas.com.co\/efi-json\/wp\/v2\/media\/8027"}],"wp:attachment":[{"href":"https:\/\/www.efigas.com.co\/efi-json\/wp\/v2\/media?parent=8807"}],"wp:term":[{"taxonomy":"category","embeddable":true,"href":"https:\/\/www.efigas.com.co\/efi-json\/wp\/v2\/categories?post=8807"},{"taxonomy":"post_tag","embeddable":true,"href":"https:\/\/www.efigas.com.co\/efi-json\/wp\/v2\/tags?post=8807"}],"curies":[{"name":"wp","href":"https:\/\/api.w.org\/{rel}","templated":true}]}}