{"id":9594,"date":"2025-04-09T14:16:07","date_gmt":"2025-04-09T19:16:07","guid":{"rendered":"https:\/\/www.efigas.com.co\/?p=9594"},"modified":"2025-04-09T14:16:09","modified_gmt":"2025-04-09T19:16:09","slug":"por-obras-de-gasificacion-se-presentara-una-interrupcion-programada-del-servicio-de-gas-natural-en-la-vereda-la-selva-de-pereira","status":"publish","type":"post","link":"https:\/\/www.efigas.com.co\/2025\/04\/09\/por-obras-de-gasificacion-se-presentara-una-interrupcion-programada-del-servicio-de-gas-natural-en-la-vereda-la-selva-de-pereira\/","title":{"rendered":"Por obras de gasificaci\u00f3n se presentar\u00e1 una interrupci\u00f3n programada del servicio de gas natural en la vereda La Selva de Pereira"},"content":{"rendered":"\n<p><strong>Efigas Gas Natural S.A. E.S.P.<\/strong> informa que en el pr\u00f3ximo lunes 14 de abril de 2025, de 2:00 p.m. a 4:00 p.m. se realizar\u00e1n obras de gasificaci\u00f3n para el proyecto La Estaci\u00f3n \u2013 La Selva, Morelia, lo que generar\u00e1 una interrupci\u00f3n programada del servicio en el sector de la vereda La Selva en Pereira<\/p>\n\n\n\n<p>El restablecimiento del servicio se proyecta para las 4:00 p.m. del mismo d\u00eda. Se recuerdan las medidas de  seguridad como mantener cerradas las llaves de los gasodom\u00e9sticos y ante una emergencia contactarse a la l\u00ednea 164.<\/p>\n\n\n\n<p><strong>Efigas impulsa el desarrollo del territorio.<\/strong><\/p>\n\n\n\n<p>Para m\u00e1s informaci\u00f3n consulta los canales oficiales:<\/p>\n\n\n\n<ul class=\"efi-block-list\">\n<li>www.efigas.com.co<\/li>\n\n\n\n<li>@efigasoficial<\/li>\n<\/ul>\n\n\n\n<p>Oficina de Comunicaciones<br><a href=\"mailto:comunicacionescoporativas@efigas.com.co\">comunicacionescoporativas@efigas.com.co<\/a><\/p>\n\n\n\n<p><\/p>\n","protected":false},"excerpt":{"rendered":"<p>Efigas Gas Natural S.A. E.S.P. informa que en el pr\u00f3ximo lunes 14 de abril de 2025, de 2:00 p.m. a 4:00 p.m. se realizar\u00e1n obras de gasificaci\u00f3n para el proyecto La Estaci\u00f3n \u2013 La Selva, Morelia, lo que generar\u00e1 una interrupci\u00f3n programada del servicio en el sector de la vereda La Selva en Pereira El [&hellip;]<\/p>\n","protected":false},"author":1,"featured_media":9596,"comment_status":"open","ping_status":"closed","sticky":false,"template":"","format":"standard","meta":{"inline_featured_image":false,"footnotes":""},"categories":[82,67,70],"tags":[31,93,23,35],"class_list":["post-9594","post","type-post","status-publish","format-standard","has-post-thumbnail","hentry","category-destacados","category-noticias-efigas","category-suspensiones-programadas","tag-efigas","tag-eje-cafetero","tag-gas-natural","tag-instalaciones"],"yoast_head":"\n<title>Por obras de gasificaci\u00f3n se presentar\u00e1 una interrupci\u00f3n programada del servicio de gas natural en la vereda La Selva de Pereira - Efigas S.A. E.S.P.<\/title>\n<meta name=\"robots\" content=\"index, follow, max-snippet:-1, max-image-preview:large, max-video-preview:-1\" \/>\n<link rel=\"canonical\" href=\"https:\/\/www.efigas.com.co\/2025\/04\/09\/por-obras-de-gasificacion-se-presentara-una-interrupcion-programada-del-servicio-de-gas-natural-en-la-vereda-la-selva-de-pereira\/\" \/>\n<meta property=\"og:locale\" content=\"es_ES\" \/>\n<meta property=\"og:type\" content=\"article\" \/>\n<meta property=\"og:title\" content=\"Por obras de gasificaci\u00f3n se presentar\u00e1 una interrupci\u00f3n programada del servicio de gas natural en la vereda La Selva de Pereira - Efigas S.A. E.S.P.\" \/>\n<meta property=\"og:description\" content=\"Efigas Gas Natural S.A. E.S.P. informa que en el pr\u00f3ximo lunes 14 de abril de 2025, de 2:00 p.m. a 4:00 p.m. se realizar\u00e1n obras de gasificaci\u00f3n para el proyecto La Estaci\u00f3n \u2013 La Selva, Morelia, lo que generar\u00e1 una interrupci\u00f3n programada del servicio en el sector de la vereda La Selva en Pereira El [&hellip;]\" \/>\n<meta property=\"og:url\" content=\"https:\/\/www.efigas.com.co\/2025\/04\/09\/por-obras-de-gasificacion-se-presentara-una-interrupcion-programada-del-servicio-de-gas-natural-en-la-vereda-la-selva-de-pereira\/\" \/>\n<meta property=\"og:site_name\" content=\"Efigas S.A. E.S.P.\" \/>\n<meta property=\"article:publisher\" content=\"https:\/\/www.facebook.com\/efigasoficial\/\" \/>\n<meta property=\"article:published_time\" content=\"2025-04-09T19:16:07+00:00\" \/>\n<meta property=\"article:modified_time\" content=\"2025-04-09T19:16:09+00:00\" \/>\n<meta property=\"og:image\" content=\"https:\/\/www.efigas.com.co\/ef_resources\/2025\/04\/Boletin-efigas.jpg\" \/>\n\t<meta property=\"og:image:width\" content=\"1620\" \/>\n\t<meta property=\"og:image:height\" content=\"1080\" \/>\n\t<meta property=\"og:image:type\" content=\"image\/jpeg\" \/>\n<meta name=\"author\" content=\"Efigas Ah\u00ed siempre\" \/>\n<meta name=\"twitter:card\" content=\"summary_large_image\" \/>\n<meta name=\"twitter:creator\" content=\"@efigas_oficial\" \/>\n<meta name=\"twitter:site\" content=\"@efigas_oficial\" \/>\n<script type=\"application\/ld+json\" class=\"efiseo-schema-graph\">{\"@context\":\"https:\/\/schema.org\",\"@graph\":[{\"@type\":\"Article\",\"@id\":\"https:\/\/www.efigas.com.co\/2025\/04\/09\/por-obras-de-gasificacion-se-presentara-una-interrupcion-programada-del-servicio-de-gas-natural-en-la-vereda-la-selva-de-pereira\/#article\",\"isPartOf\":{\"@id\":\"https:\/\/www.efigas.com.co\/2025\/04\/09\/por-obras-de-gasificacion-se-presentara-una-interrupcion-programada-del-servicio-de-gas-natural-en-la-vereda-la-selva-de-pereira\/\"},\"author\":{\"name\":\"Efigas Ah\u00ed siempre\",\"@id\":\"https:\/\/www.efigas.com.co\/#\/schema\/person\/666f72c982685e945f63f69fe4ad5836\"},\"headline\":\"Por obras de gasificaci\u00f3n se presentar\u00e1 una interrupci\u00f3n programada del servicio de gas natural en la vereda La Selva de Pereira\",\"datePublished\":\"2025-04-09T19:16:07+00:00\",\"dateModified\":\"2025-04-09T19:16:09+00:00\",\"mainEntityOfPage\":{\"@id\":\"https:\/\/www.efigas.com.co\/2025\/04\/09\/por-obras-de-gasificacion-se-presentara-una-interrupcion-programada-del-servicio-de-gas-natural-en-la-vereda-la-selva-de-pereira\/\"},\"wordCount\":147,\"commentCount\":0,\"publisher\":{\"@id\":\"https:\/\/www.efigas.com.co\/#organization\"},\"image\":{\"@id\":\"https:\/\/www.efigas.com.co\/2025\/04\/09\/por-obras-de-gasificacion-se-presentara-una-interrupcion-programada-del-servicio-de-gas-natural-en-la-vereda-la-selva-de-pereira\/#primaryimage\"},\"thumbnailUrl\":\"https:\/\/www.efigas.com.co\/ef_resources\/2025\/04\/Boletin-efigas.jpg\",\"keywords\":[\"Efigas\",\"eje cafetero\",\"gas natural\",\"Instalaciones\"],\"articleSection\":[\"Destacados\",\"Noticias Efigas\",\"Suspensiones programadas\"],\"inLanguage\":\"es\",\"potentialAction\":[{\"@type\":\"CommentAction\",\"name\":\"Comment\",\"target\":[\"https:\/\/www.efigas.com.co\/2025\/04\/09\/por-obras-de-gasificacion-se-presentara-una-interrupcion-programada-del-servicio-de-gas-natural-en-la-vereda-la-selva-de-pereira\/#respond\"]}]},{\"@type\":\"WebPage\",\"@id\":\"https:\/\/www.efigas.com.co\/2025\/04\/09\/por-obras-de-gasificacion-se-presentara-una-interrupcion-programada-del-servicio-de-gas-natural-en-la-vereda-la-selva-de-pereira\/\",\"url\":\"https:\/\/www.efigas.com.co\/2025\/04\/09\/por-obras-de-gasificacion-se-presentara-una-interrupcion-programada-del-servicio-de-gas-natural-en-la-vereda-la-selva-de-pereira\/\",\"name\":\"Por obras de gasificaci\u00f3n se presentar\u00e1 una interrupci\u00f3n programada del servicio de gas natural en la vereda La Selva de Pereira - Efigas S.A. E.S.P.\",\"isPartOf\":{\"@id\":\"https:\/\/www.efigas.com.co\/#website\"},\"primaryImageOfPage\":{\"@id\":\"https:\/\/www.efigas.com.co\/2025\/04\/09\/por-obras-de-gasificacion-se-presentara-una-interrupcion-programada-del-servicio-de-gas-natural-en-la-vereda-la-selva-de-pereira\/#primaryimage\"},\"image\":{\"@id\":\"https:\/\/www.efigas.com.co\/2025\/04\/09\/por-obras-de-gasificacion-se-presentara-una-interrupcion-programada-del-servicio-de-gas-natural-en-la-vereda-la-selva-de-pereira\/#primaryimage\"},\"thumbnailUrl\":\"https:\/\/www.efigas.com.co\/ef_resources\/2025\/04\/Boletin-efigas.jpg\",\"datePublished\":\"2025-04-09T19:16:07+00:00\",\"dateModified\":\"2025-04-09T19:16:09+00:00\",\"breadcrumb\":{\"@id\":\"https:\/\/www.efigas.com.co\/2025\/04\/09\/por-obras-de-gasificacion-se-presentara-una-interrupcion-programada-del-servicio-de-gas-natural-en-la-vereda-la-selva-de-pereira\/#breadcrumb\"},\"inLanguage\":\"es\",\"potentialAction\":[{\"@type\":\"ReadAction\",\"target\":[\"https:\/\/www.efigas.com.co\/2025\/04\/09\/por-obras-de-gasificacion-se-presentara-una-interrupcion-programada-del-servicio-de-gas-natural-en-la-vereda-la-selva-de-pereira\/\"]}]},{\"@type\":\"ImageObject\",\"inLanguage\":\"es\",\"@id\":\"https:\/\/www.efigas.com.co\/2025\/04\/09\/por-obras-de-gasificacion-se-presentara-una-interrupcion-programada-del-servicio-de-gas-natural-en-la-vereda-la-selva-de-pereira\/#primaryimage\",\"url\":\"https:\/\/www.efigas.com.co\/ef_resources\/2025\/04\/Boletin-efigas.jpg\",\"contentUrl\":\"https:\/\/www.efigas.com.co\/ef_resources\/2025\/04\/Boletin-efigas.jpg\",\"width\":1620,\"height\":1080},{\"@type\":\"BreadcrumbList\",\"@id\":\"https:\/\/www.efigas.com.co\/2025\/04\/09\/por-obras-de-gasificacion-se-presentara-una-interrupcion-programada-del-servicio-de-gas-natural-en-la-vereda-la-selva-de-pereira\/#breadcrumb\",\"itemListElement\":[{\"@type\":\"ListItem\",\"position\":1,\"name\":\"Inicio\",\"item\":\"https:\/\/www.efigas.com.co\/\"},{\"@type\":\"ListItem\",\"position\":2,\"name\":\"Noticias Efigas\",\"item\":\"https:\/\/www.efigas.com.co\/seccion\/noticias-efigas\/\"},{\"@type\":\"ListItem\",\"position\":3,\"name\":\"Destacados\",\"item\":\"https:\/\/www.efigas.com.co\/seccion\/noticias-efigas\/destacados\/\"},{\"@type\":\"ListItem\",\"position\":4,\"name\":\"Por obras de gasificaci\u00f3n se presentar\u00e1 una interrupci\u00f3n programada del servicio de gas natural en la vereda La Selva de Pereira\"}]},{\"@type\":\"WebSite\",\"@id\":\"https:\/\/www.efigas.com.co\/#website\",\"url\":\"https:\/\/www.efigas.com.co\/\",\"name\":\"Efigas S.A. E.S.P.\",\"description\":\"Distribuidora de gas natural en el eje cafetero, Caldas, Quind\u00edo, Risaralda, servicio de   instalaci\u00f3n y reparaci\u00f3n de estufas de gas, cambio de   medidores de gas   natural, construcci\u00f3n de redes de gas natural, servicio de instalaci\u00f3n y reparaci\u00f3n de   calentadores de gas, servicio de Revisi\u00f3n T\u00e9cnica Reglamentaria.\",\"publisher\":{\"@id\":\"https:\/\/www.efigas.com.co\/#organization\"},\"alternateName\":\"Efigas\",\"potentialAction\":[{\"@type\":\"SearchAction\",\"target\":{\"@type\":\"EntryPoint\",\"urlTemplate\":\"https:\/\/www.efigas.com.co\/?s={search_term_string}\"},\"query-input\":{\"@type\":\"PropertyValueSpecification\",\"valueRequired\":true,\"valueName\":\"search_term_string\"}}],\"inLanguage\":\"es\"},{\"@type\":\"Organization\",\"@id\":\"https:\/\/www.efigas.com.co\/#organization\",\"name\":\"Efigas S.A. E.S.P.\",\"alternateName\":\"Efigas\",\"url\":\"https:\/\/www.efigas.com.co\/\",\"logo\":{\"@type\":\"ImageObject\",\"inLanguage\":\"es\",\"@id\":\"https:\/\/www.efigas.com.co\/#\/schema\/logo\/image\/\",\"url\":\"https:\/\/www.efigas.com.co\/ef_resources\/2023\/12\/logo-efigas-negativo.svg\",\"contentUrl\":\"https:\/\/www.efigas.com.co\/ef_resources\/2023\/12\/logo-efigas-negativo.svg\",\"width\":225,\"height\":123,\"caption\":\"Efigas S.A. E.S.P.\"},\"image\":{\"@id\":\"https:\/\/www.efigas.com.co\/#\/schema\/logo\/image\/\"},\"sameAs\":[\"https:\/\/www.facebook.com\/efigasoficial\/\",\"https:\/\/x.com\/efigas_oficial\",\"https:\/\/www.linkedin.com\/company\/efigas\/\"]},{\"@type\":\"Person\",\"@id\":\"https:\/\/www.efigas.com.co\/#\/schema\/person\/666f72c982685e945f63f69fe4ad5836\",\"name\":\"Efigas Ah\u00ed siempre\",\"image\":{\"@type\":\"ImageObject\",\"inLanguage\":\"es\",\"@id\":\"https:\/\/www.efigas.com.co\/#\/schema\/person\/image\/\",\"url\":\"https:\/\/secure.gravatar.com\/avatar\/e95aeff8d6446834b0e7f8a66e260799?s=96&d=mm&r=g\",\"contentUrl\":\"https:\/\/secure.gravatar.com\/avatar\/e95aeff8d6446834b0e7f8a66e260799?s=96&d=mm&r=g\",\"caption\":\"Efigas Ah\u00ed siempre\"},\"url\":\"https:\/\/www.efigas.com.co\/editor\/eficontent\/\"}]}<\/script>\n","yoast_head_json":{"title":"Por obras de gasificaci\u00f3n se presentar\u00e1 una interrupci\u00f3n programada del servicio de gas natural en la vereda La Selva de Pereira - Efigas S.A. E.S.P.","robots":{"index":"index","follow":"follow","max-snippet":"max-snippet:-1","max-image-preview":"max-image-preview:large","max-video-preview":"max-video-preview:-1"},"canonical":"https:\/\/www.efigas.com.co\/2025\/04\/09\/por-obras-de-gasificacion-se-presentara-una-interrupcion-programada-del-servicio-de-gas-natural-en-la-vereda-la-selva-de-pereira\/","og_locale":"es_ES","og_type":"article","og_title":"Por obras de gasificaci\u00f3n se presentar\u00e1 una interrupci\u00f3n programada del servicio de gas natural en la vereda La Selva de Pereira - Efigas S.A. E.S.P.","og_description":"Efigas Gas Natural S.A. E.S.P. informa que en el pr\u00f3ximo lunes 14 de abril de 2025, de 2:00 p.m. a 4:00 p.m. se realizar\u00e1n obras de gasificaci\u00f3n para el proyecto La Estaci\u00f3n \u2013 La Selva, Morelia, lo que generar\u00e1 una interrupci\u00f3n programada del servicio en el sector de la vereda La Selva en Pereira El [&hellip;]","og_url":"https:\/\/www.efigas.com.co\/2025\/04\/09\/por-obras-de-gasificacion-se-presentara-una-interrupcion-programada-del-servicio-de-gas-natural-en-la-vereda-la-selva-de-pereira\/","og_site_name":"Efigas S.A. E.S.P.","article_publisher":"https:\/\/www.facebook.com\/efigasoficial\/","article_published_time":"2025-04-09T19:16:07+00:00","article_modified_time":"2025-04-09T19:16:09+00:00","og_image":[{"width":1620,"height":1080,"url":"https:\/\/www.efigas.com.co\/ef_resources\/2025\/04\/Boletin-efigas.jpg","type":"image\/jpeg"}],"author":"Efigas Ah\u00ed siempre","twitter_card":"summary_large_image","twitter_creator":"@efigas_oficial","twitter_site":"@efigas_oficial","schema":{"@context":"https:\/\/schema.org","@graph":[{"@type":"Article","@id":"https:\/\/www.efigas.com.co\/2025\/04\/09\/por-obras-de-gasificacion-se-presentara-una-interrupcion-programada-del-servicio-de-gas-natural-en-la-vereda-la-selva-de-pereira\/#article","isPartOf":{"@id":"https:\/\/www.efigas.com.co\/2025\/04\/09\/por-obras-de-gasificacion-se-presentara-una-interrupcion-programada-del-servicio-de-gas-natural-en-la-vereda-la-selva-de-pereira\/"},"author":{"name":"Efigas Ah\u00ed siempre","@id":"https:\/\/www.efigas.com.co\/#\/schema\/person\/666f72c982685e945f63f69fe4ad5836"},"headline":"Por obras de gasificaci\u00f3n se presentar\u00e1 una interrupci\u00f3n programada del servicio de gas natural en la vereda La Selva de Pereira","datePublished":"2025-04-09T19:16:07+00:00","dateModified":"2025-04-09T19:16:09+00:00","mainEntityOfPage":{"@id":"https:\/\/www.efigas.com.co\/2025\/04\/09\/por-obras-de-gasificacion-se-presentara-una-interrupcion-programada-del-servicio-de-gas-natural-en-la-vereda-la-selva-de-pereira\/"},"wordCount":147,"commentCount":0,"publisher":{"@id":"https:\/\/www.efigas.com.co\/#organization"},"image":{"@id":"https:\/\/www.efigas.com.co\/2025\/04\/09\/por-obras-de-gasificacion-se-presentara-una-interrupcion-programada-del-servicio-de-gas-natural-en-la-vereda-la-selva-de-pereira\/#primaryimage"},"thumbnailUrl":"https:\/\/www.efigas.com.co\/ef_resources\/2025\/04\/Boletin-efigas.jpg","keywords":["Efigas","eje cafetero","gas natural","Instalaciones"],"articleSection":["Destacados","Noticias Efigas","Suspensiones programadas"],"inLanguage":"es","potentialAction":[{"@type":"CommentAction","name":"Comment","target":["https:\/\/www.efigas.com.co\/2025\/04\/09\/por-obras-de-gasificacion-se-presentara-una-interrupcion-programada-del-servicio-de-gas-natural-en-la-vereda-la-selva-de-pereira\/#respond"]}]},{"@type":"WebPage","@id":"https:\/\/www.efigas.com.co\/2025\/04\/09\/por-obras-de-gasificacion-se-presentara-una-interrupcion-programada-del-servicio-de-gas-natural-en-la-vereda-la-selva-de-pereira\/","url":"https:\/\/www.efigas.com.co\/2025\/04\/09\/por-obras-de-gasificacion-se-presentara-una-interrupcion-programada-del-servicio-de-gas-natural-en-la-vereda-la-selva-de-pereira\/","name":"Por obras de gasificaci\u00f3n se presentar\u00e1 una interrupci\u00f3n programada del servicio de gas natural en la vereda La Selva de Pereira - Efigas S.A. E.S.P.","isPartOf":{"@id":"https:\/\/www.efigas.com.co\/#website"},"primaryImageOfPage":{"@id":"https:\/\/www.efigas.com.co\/2025\/04\/09\/por-obras-de-gasificacion-se-presentara-una-interrupcion-programada-del-servicio-de-gas-natural-en-la-vereda-la-selva-de-pereira\/#primaryimage"},"image":{"@id":"https:\/\/www.efigas.com.co\/2025\/04\/09\/por-obras-de-gasificacion-se-presentara-una-interrupcion-programada-del-servicio-de-gas-natural-en-la-vereda-la-selva-de-pereira\/#primaryimage"},"thumbnailUrl":"https:\/\/www.efigas.com.co\/ef_resources\/2025\/04\/Boletin-efigas.jpg","datePublished":"2025-04-09T19:16:07+00:00","dateModified":"2025-04-09T19:16:09+00:00","breadcrumb":{"@id":"https:\/\/www.efigas.com.co\/2025\/04\/09\/por-obras-de-gasificacion-se-presentara-una-interrupcion-programada-del-servicio-de-gas-natural-en-la-vereda-la-selva-de-pereira\/#breadcrumb"},"inLanguage":"es","potentialAction":[{"@type":"ReadAction","target":["https:\/\/www.efigas.com.co\/2025\/04\/09\/por-obras-de-gasificacion-se-presentara-una-interrupcion-programada-del-servicio-de-gas-natural-en-la-vereda-la-selva-de-pereira\/"]}]},{"@type":"ImageObject","inLanguage":"es","@id":"https:\/\/www.efigas.com.co\/2025\/04\/09\/por-obras-de-gasificacion-se-presentara-una-interrupcion-programada-del-servicio-de-gas-natural-en-la-vereda-la-selva-de-pereira\/#primaryimage","url":"https:\/\/www.efigas.com.co\/ef_resources\/2025\/04\/Boletin-efigas.jpg","contentUrl":"https:\/\/www.efigas.com.co\/ef_resources\/2025\/04\/Boletin-efigas.jpg","width":1620,"height":1080},{"@type":"BreadcrumbList","@id":"https:\/\/www.efigas.com.co\/2025\/04\/09\/por-obras-de-gasificacion-se-presentara-una-interrupcion-programada-del-servicio-de-gas-natural-en-la-vereda-la-selva-de-pereira\/#breadcrumb","itemListElement":[{"@type":"ListItem","position":1,"name":"Inicio","item":"https:\/\/www.efigas.com.co\/"},{"@type":"ListItem","position":2,"name":"Noticias Efigas","item":"https:\/\/www.efigas.com.co\/seccion\/noticias-efigas\/"},{"@type":"ListItem","position":3,"name":"Destacados","item":"https:\/\/www.efigas.com.co\/seccion\/noticias-efigas\/destacados\/"},{"@type":"ListItem","position":4,"name":"Por obras de gasificaci\u00f3n se presentar\u00e1 una interrupci\u00f3n programada del servicio de gas natural en la vereda La Selva de Pereira"}]},{"@type":"WebSite","@id":"https:\/\/www.efigas.com.co\/#website","url":"https:\/\/www.efigas.com.co\/","name":"Efigas S.A. E.S.P.","description":"Distribuidora de gas natural en el eje cafetero, Caldas, Quind\u00edo, Risaralda, servicio de   instalaci\u00f3n y reparaci\u00f3n de estufas de gas, cambio de   medidores de gas   natural, construcci\u00f3n de redes de gas natural, servicio de instalaci\u00f3n y reparaci\u00f3n de   calentadores de gas, servicio de Revisi\u00f3n T\u00e9cnica Reglamentaria.","publisher":{"@id":"https:\/\/www.efigas.com.co\/#organization"},"alternateName":"Efigas","potentialAction":[{"@type":"SearchAction","target":{"@type":"EntryPoint","urlTemplate":"https:\/\/www.efigas.com.co\/?s={search_term_string}"},"query-input":{"@type":"PropertyValueSpecification","valueRequired":true,"valueName":"search_term_string"}}],"inLanguage":"es"},{"@type":"Organization","@id":"https:\/\/www.efigas.com.co\/#organization","name":"Efigas S.A. E.S.P.","alternateName":"Efigas","url":"https:\/\/www.efigas.com.co\/","logo":{"@type":"ImageObject","inLanguage":"es","@id":"https:\/\/www.efigas.com.co\/#\/schema\/logo\/image\/","url":"https:\/\/www.efigas.com.co\/ef_resources\/2023\/12\/logo-efigas-negativo.svg","contentUrl":"https:\/\/www.efigas.com.co\/ef_resources\/2023\/12\/logo-efigas-negativo.svg","width":225,"height":123,"caption":"Efigas S.A. E.S.P."},"image":{"@id":"https:\/\/www.efigas.com.co\/#\/schema\/logo\/image\/"},"sameAs":["https:\/\/www.facebook.com\/efigasoficial\/","https:\/\/x.com\/efigas_oficial","https:\/\/www.linkedin.com\/company\/efigas\/"]},{"@type":"Person","@id":"https:\/\/www.efigas.com.co\/#\/schema\/person\/666f72c982685e945f63f69fe4ad5836","name":"Efigas Ah\u00ed siempre","image":{"@type":"ImageObject","inLanguage":"es","@id":"https:\/\/www.efigas.com.co\/#\/schema\/person\/image\/","url":"https:\/\/secure.gravatar.com\/avatar\/e95aeff8d6446834b0e7f8a66e260799?s=96&d=mm&r=g","contentUrl":"https:\/\/secure.gravatar.com\/avatar\/e95aeff8d6446834b0e7f8a66e260799?s=96&d=mm&r=g","caption":"Efigas Ah\u00ed siempre"},"url":"https:\/\/www.efigas.com.co\/editor\/eficontent\/"}]}},"_links":{"self":[{"href":"https:\/\/www.efigas.com.co\/efi-json\/wp\/v2\/posts\/9594","targetHints":{"allow":["GET"]}}],"collection":[{"href":"https:\/\/www.efigas.com.co\/efi-json\/wp\/v2\/posts"}],"about":[{"href":"https:\/\/www.efigas.com.co\/efi-json\/wp\/v2\/types\/post"}],"author":[{"embeddable":true,"href":"https:\/\/www.efigas.com.co\/efi-json\/wp\/v2\/users\/1"}],"replies":[{"embeddable":true,"href":"https:\/\/www.efigas.com.co\/efi-json\/wp\/v2\/comments?post=9594"}],"version-history":[{"count":2,"href":"https:\/\/www.efigas.com.co\/efi-json\/wp\/v2\/posts\/9594\/revisions"}],"predecessor-version":[{"id":9597,"href":"https:\/\/www.efigas.com.co\/efi-json\/wp\/v2\/posts\/9594\/revisions\/9597"}],"wp:featuredmedia":[{"embeddable":true,"href":"https:\/\/www.efigas.com.co\/efi-json\/wp\/v2\/media\/9596"}],"wp:attachment":[{"href":"https:\/\/www.efigas.com.co\/efi-json\/wp\/v2\/media?parent=9594"}],"wp:term":[{"taxonomy":"category","embeddable":true,"href":"https:\/\/www.efigas.com.co\/efi-json\/wp\/v2\/categories?post=9594"},{"taxonomy":"post_tag","embeddable":true,"href":"https:\/\/www.efigas.com.co\/efi-json\/wp\/v2\/tags?post=9594"}],"curies":[{"name":"wp","href":"https:\/\/api.w.org\/{rel}","templated":true}]}}